{"id":43554,"date":"2026-04-22T15:48:28","date_gmt":"2026-04-22T13:48:28","guid":{"rendered":"https:\/\/zlindesignweek.com\/2026\/?p=43554"},"modified":"2026-04-22T15:48:28","modified_gmt":"2026-04-22T13:48:28","slug":"opravdu-se-na-designovem-festivalu-bude-varit-aneb-co-je-to-design-kantyna","status":"publish","type":"post","link":"https:\/\/zlindesignweek.com\/2026\/2026\/04\/22\/opravdu-se-na-designovem-festivalu-bude-varit-aneb-co-je-to-design-kantyna\/","title":{"rendered":"Opravdu se na designov\u00e9m festivalu bude va\u0159it? Aneb co je to Design KANT\u00ddNA?"},"content":{"rendered":"\n<p><strong>Pokud jsi nem\u011bl\/a jasno, co se skr\u00fdv\u00e1 za n\u00e1zvem Design KANT\u00ddNA, tento \u010dl\u00e1nek je p\u0159esn\u011b pro Tebe. Do\u010dte\u0161 se, o&nbsp;co se jedn\u00e1, jak\u00fd bude program Design KANT\u00ddNY pro leto\u0161n\u00ed festival i&nbsp;co stoj\u00ed za speci\u00e1ln\u00edm n\u00e1zvem. A&nbsp;va\u0159it se letos opravdu bude!<\/strong><\/p>\n\n\n\n<figure class=\"wp-block-gallery has-nested-images columns-default is-cropped wp-block-gallery-1 is-layout-flex wp-block-gallery-is-layout-flex\">\n<figure class=\"wp-block-image size-large\"><img loading=\"lazy\" decoding=\"async\" width=\"750\" height=\"497\" data-id=\"43557\" src=\"https:\/\/zlindesignweek.com\/2026\/wp-content\/uploads\/2026\/04\/zdw-98-zamek-kantyna-design-thinking-18-750x497.jpg\" alt=\"\" class=\"wp-image-43557\" srcset=\"https:\/\/zlindesignweek.com\/2026\/wp-content\/uploads\/2026\/04\/zdw-98-zamek-kantyna-design-thinking-18-750x497.jpg 750w, https:\/\/zlindesignweek.com\/2026\/wp-content\/uploads\/2026\/04\/zdw-98-zamek-kantyna-design-thinking-18-500x331.jpg 500w, https:\/\/zlindesignweek.com\/2026\/wp-content\/uploads\/2026\/04\/zdw-98-zamek-kantyna-design-thinking-18-768x509.jpg 768w, https:\/\/zlindesignweek.com\/2026\/wp-content\/uploads\/2026\/04\/zdw-98-zamek-kantyna-design-thinking-18-1536x1018.jpg 1536w, https:\/\/zlindesignweek.com\/2026\/wp-content\/uploads\/2026\/04\/zdw-98-zamek-kantyna-design-thinking-18-2048x1358.jpg 2048w, https:\/\/zlindesignweek.com\/2026\/wp-content\/uploads\/2026\/04\/zdw-98-zamek-kantyna-design-thinking-18-1440x955.jpg 1440w, https:\/\/zlindesignweek.com\/2026\/wp-content\/uploads\/2026\/04\/zdw-98-zamek-kantyna-design-thinking-18-250x166.jpg 250w\" sizes=\"auto, (max-width: 750px) 100vw, 750px\" \/><\/figure>\n\n\n\n<figure class=\"wp-block-image size-large\"><img loading=\"lazy\" decoding=\"async\" width=\"750\" height=\"500\" data-id=\"43558\" src=\"https:\/\/zlindesignweek.com\/2026\/wp-content\/uploads\/2026\/04\/zdw-98-zamek-kantyna-design-thinking-16-750x500.jpg\" alt=\"\" class=\"wp-image-43558\" srcset=\"https:\/\/zlindesignweek.com\/2026\/wp-content\/uploads\/2026\/04\/zdw-98-zamek-kantyna-design-thinking-16-750x500.jpg 750w, https:\/\/zlindesignweek.com\/2026\/wp-content\/uploads\/2026\/04\/zdw-98-zamek-kantyna-design-thinking-16-500x334.jpg 500w, https:\/\/zlindesignweek.com\/2026\/wp-content\/uploads\/2026\/04\/zdw-98-zamek-kantyna-design-thinking-16-768x512.jpg 768w, https:\/\/zlindesignweek.com\/2026\/wp-content\/uploads\/2026\/04\/zdw-98-zamek-kantyna-design-thinking-16-1536x1025.jpg 1536w, https:\/\/zlindesignweek.com\/2026\/wp-content\/uploads\/2026\/04\/zdw-98-zamek-kantyna-design-thinking-16-2048x1366.jpg 2048w, https:\/\/zlindesignweek.com\/2026\/wp-content\/uploads\/2026\/04\/zdw-98-zamek-kantyna-design-thinking-16-1440x961.jpg 1440w, https:\/\/zlindesignweek.com\/2026\/wp-content\/uploads\/2026\/04\/zdw-98-zamek-kantyna-design-thinking-16-250x167.jpg 250w\" sizes=\"auto, (max-width: 750px) 100vw, 750px\" \/><\/figure>\n<\/figure>\n\n\n\n<p>Design KANT\u00ddNA je sou\u010d\u00e1st\u00ed Zlin Design Weeku u\u017e n\u011bkolik let. V&nbsp;r\u00e1mci festivalov\u00e9ho programu m\u00e1 ve\u0159ejn\u011b dostupn\u00e9 diskuse s&nbsp;vybran\u00fdmi hosty. Spole\u010dn\u011b s&nbsp;moder\u00e1torem mluv\u00ed o&nbsp;t\u00e9matech ze sv\u011bta designu. Mana\u017eerka Design KANT\u00ddNY, Emma Matisko, by to popsala n\u00e1sledovn\u011b:<em> \u201eOtev\u00edr\u00e1me dve\u0159e do sv\u011bta designu t\u011bm, kte\u0159\u00ed se o&nbsp;n\u011bj zaj\u00edmaj\u00ed, ale nepohybuj\u00ed se v&nbsp;n\u011bm na denn\u00ed b\u00e1zi. Sna\u017e\u00edme se t\u00e9mata zjednodu\u0161ovat, vysv\u011btlovat a&nbsp;edukovat i&nbsp;\u0161irokou ve\u0159ejnost. Zveme inspirativn\u00ed hosty z&nbsp;\u010ceska i&nbsp;zahrani\u010d\u00ed, design\u00e9ry a&nbsp;design\u00e9rky, stejn\u011b jako odborn\u00edky z&nbsp;jin\u00fdch obor\u016f. Dozv\u00ed\u0161 se jejich my\u0161lenky, zku\u0161enosti a&nbsp;nov\u00e9 pohledy. Z\u00e1rove\u0148 se sna\u017e\u00edme tvo\u0159it prostor, kde se potkaj\u00ed profesion\u00e1lov\u00e9, se kter\u00fdmi m\u016f\u017ee\u0161 networkovat.\u201c <\/em>Design KANT\u00ddNA ale neza\u010d\u00edn\u00e1 ani nekon\u010d\u00ed na festivalu. Je to platforma, kter\u00e1 p\u0159esahuje jeho hranice a&nbsp;funguje celoro\u010dn\u011b skrze podcasty i&nbsp;diskuse.<\/p>\n\n\n\n<h4 class=\"wp-block-heading\"><strong>Pro\u010d n\u00e1zev Design KANT\u00ddNA?<\/strong><\/h4>\n\n\n\n<p>Platforma Design KANT\u00ddNA vznikla na z\u00e1kladech absolventsk\u00e9 pr\u00e1ce. Dnes si \u017eije sv\u00fdm \u017eivotem a&nbsp;obohacuje sv\u011bt designu. Spojen\u00ed slov design a&nbsp;kant\u00fdna propojuje sv\u011bty kreativity, tvo\u0159en\u00ed, chut\u00ed a&nbsp;va\u0159en\u00ed. Toho \u010dasto Design KANT\u00ddNA ve sv\u00e9 komunikaci vyu\u017e\u00edv\u00e1. Prost\u011b n\u00e1m serv\u00edruj\u00ed to nejlep\u0161\u00ed ze sv\u011bta designu. Va\u0159\u00ed nejlep\u0161\u00ed podcastov\u00fd obsah a&nbsp;n\u00e1s jako konzumenty t\u00edm vzd\u011bl\u00e1vaj\u00ed.<\/p>\n\n\n\n<figure class=\"wp-block-gallery has-nested-images columns-default is-cropped wp-block-gallery-2 is-layout-flex wp-block-gallery-is-layout-flex\">\n<figure class=\"wp-block-image size-large\"><img loading=\"lazy\" decoding=\"async\" width=\"8192\" height=\"5464\" data-id=\"43560\" src=\"https:\/\/zlindesignweek.com\/2026\/wp-content\/uploads\/2026\/04\/zdw-98-zamek-kantyna-design-thinking-7.jpg\" alt=\"\" class=\"wp-image-43560\" srcset=\"https:\/\/zlindesignweek.com\/2026\/wp-content\/uploads\/2026\/04\/zdw-98-zamek-kantyna-design-thinking-7.jpg 8192w, https:\/\/zlindesignweek.com\/2026\/wp-content\/uploads\/2026\/04\/zdw-98-zamek-kantyna-design-thinking-7-768x512.jpg 768w, https:\/\/zlindesignweek.com\/2026\/wp-content\/uploads\/2026\/04\/zdw-98-zamek-kantyna-design-thinking-7-1536x1025.jpg 1536w, https:\/\/zlindesignweek.com\/2026\/wp-content\/uploads\/2026\/04\/zdw-98-zamek-kantyna-design-thinking-7-250x167.jpg 250w\" sizes=\"auto, (max-width: 8192px) 100vw, 8192px\" \/><\/figure>\n\n\n\n<figure class=\"wp-block-image size-large\"><img loading=\"lazy\" decoding=\"async\" width=\"8192\" height=\"5464\" data-id=\"43559\" src=\"https:\/\/zlindesignweek.com\/2026\/wp-content\/uploads\/2026\/04\/zdw-98-zamek-kantyna-design-thinking-2.jpg\" alt=\"\" class=\"wp-image-43559\" srcset=\"https:\/\/zlindesignweek.com\/2026\/wp-content\/uploads\/2026\/04\/zdw-98-zamek-kantyna-design-thinking-2.jpg 8192w, https:\/\/zlindesignweek.com\/2026\/wp-content\/uploads\/2026\/04\/zdw-98-zamek-kantyna-design-thinking-2-768x512.jpg 768w, https:\/\/zlindesignweek.com\/2026\/wp-content\/uploads\/2026\/04\/zdw-98-zamek-kantyna-design-thinking-2-1536x1025.jpg 1536w, https:\/\/zlindesignweek.com\/2026\/wp-content\/uploads\/2026\/04\/zdw-98-zamek-kantyna-design-thinking-2-250x167.jpg 250w\" sizes=\"auto, (max-width: 8192px) 100vw, 8192px\" \/><\/figure>\n<\/figure>\n\n\n\n<h4 class=\"wp-block-heading\"><strong>Jak\u00e9 program nab\u00eddne na Zlin Design Weeku 2026?<\/strong><\/h4>\n\n\n\n<p>V r\u00e1mci panelov\u00fdch diskus\u00ed na festivalu nab\u00eddne Design KANT\u00ddNA nejr\u016fzn\u011bj\u0161\u00ed t\u00e9mata. Zam\u011b\u0159\u00ed se na udr\u017eitelnost, navrhov\u00e1n\u00ed typick\u00fdch pokoj\u00ed\u010dk\u016f se zam\u011bstnanci IKEA Brno, soci\u00e1ln\u00ed design s&nbsp;Canan Akoglu i&nbsp;t\u00e9ma ambic\u00ed a&nbsp;l\u00e1sky z&nbsp;pohledu t\u0159\u00ed design\u00e9rek a&nbsp;porotky\u0148 sout\u011b\u017ee Best in Design \u2013 Anny Mare\u0161ov\u00e9, Karol\u00edny Menclerov\u00e9 a&nbsp;Veroniky Pa\u0159\u00edzkov\u00e9. V\u0161echny diskuse se konaj\u00ed na zl\u00ednsk\u00e9m z\u00e1mku. Konkr\u00e9tn\u00ed line up a&nbsp;cel\u00fd program Design KANT\u00ddNY najde\u0161 na webu Zlin Design Week <a href=\"https:\/\/zlindesignweek.com\/2026\/design-kantyna\/\">v sekci Design KANT\u00ddNA<\/a>.<\/p>\n\n\n\n<p>Leto\u0161n\u00ed specialitou a&nbsp;z\u00e1bavn\u00fdm prvkem festivalov\u00e9ho programu Design KANT\u00ddNY bude pasta making v&nbsp;CHILLOUT z\u00f3n\u011b neboli ZA SPOR\u00c1KEM O&nbsp;INKLUZIVN\u00cdM DESIGNU \u00d7 MAREK KU\u0179MI\u0143SKI, kde se bude opravdu va\u0159it, a&nbsp;to nejen design\u00e9rsk\u00fd obsah, ale i&nbsp;pokrmy italsk\u00e9 kuchyn\u011b. Marek Ku\u017ami\u0144ski, v\u00fdherce a&nbsp;sou\u010dasn\u00fd porotce sout\u011b\u017ee Best in Design, bude mluvit o&nbsp;sv\u00fdch cest\u00e1ch a&nbsp;zku\u0161enostech mezit\u00edm, co bude p\u0159ipravovat dom\u00e1c\u00ed t\u011bstoviny. A&nbsp;ty m\u00e1\u0161 mo\u017enost b\u00fdt 8.&nbsp;kv\u011btna od 13:00 u&nbsp;toho!Ne\u017e p\u0159ijde \u010das festivalu, pus\u0165 si do u\u0161\u00ed <a href=\"https:\/\/open.spotify.com\/show\/1pPljNQtw2TDujocPtkSON?si=dbf4d9c2fc8d4f6c&amp;nd=1&amp;dlsi=df17e8d05cf54ee5\">podcast Design KANT\u00ddNY<\/a> a&nbsp;dobrou chu\u0165.<\/p>\n","protected":false},"excerpt":{"rendered":"Pokud jsi nem\u011bl\/a jasno, co se skr\u00fdv\u00e1 za n\u00e1zvem Design KANT\u00ddNA, tento \u010dl\u00e1nek je p\u0159esn\u011b pro Tebe. Do\u010dte\u0161 se, o&nbsp;co se jedn\u00e1, jak\u00fd bude program [&hellip;]","protected":false},"author":52,"featured_media":43555,"comment_status":"closed","ping_status":"closed","sticky":false,"template":"","format":"standard","meta":{"_acf_changed":false,"footnotes":""},"categories":[1],"class_list":["post-43554","post","type-post","status-publish","format-standard","has-post-thumbnail","hentry","category-blog"],"acf":[],"_links":{"self":[{"href":"https:\/\/zlindesignweek.com\/2026\/wp-json\/wp\/v2\/posts\/43554","targetHints":{"allow":["GET"]}}],"collection":[{"href":"https:\/\/zlindesignweek.com\/2026\/wp-json\/wp\/v2\/posts"}],"about":[{"href":"https:\/\/zlindesignweek.com\/2026\/wp-json\/wp\/v2\/types\/post"}],"author":[{"embeddable":true,"href":"https:\/\/zlindesignweek.com\/2026\/wp-json\/wp\/v2\/users\/52"}],"replies":[{"embeddable":true,"href":"https:\/\/zlindesignweek.com\/2026\/wp-json\/wp\/v2\/comments?post=43554"}],"version-history":[{"count":5,"href":"https:\/\/zlindesignweek.com\/2026\/wp-json\/wp\/v2\/posts\/43554\/revisions"}],"predecessor-version":[{"id":43564,"href":"https:\/\/zlindesignweek.com\/2026\/wp-json\/wp\/v2\/posts\/43554\/revisions\/43564"}],"wp:featuredmedia":[{"embeddable":true,"href":"https:\/\/zlindesignweek.com\/2026\/wp-json\/wp\/v2\/media\/43555"}],"wp:attachment":[{"href":"https:\/\/zlindesignweek.com\/2026\/wp-json\/wp\/v2\/media?parent=43554"}],"wp:term":[{"taxonomy":"category","embeddable":true,"href":"https:\/\/zlindesignweek.com\/2026\/wp-json\/wp\/v2\/categories?post=43554"}],"curies":[{"name":"wp","href":"https:\/\/api.w.org\/{rel}","templated":true}]}}