{"id":41809,"date":"2026-03-16T19:34:29","date_gmt":"2026-03-16T18:34:29","guid":{"rendered":"https:\/\/zlindesignweek.com\/2026\/?p=41809"},"modified":"2026-03-17T10:40:55","modified_gmt":"2026-03-17T09:40:55","slug":"design-s-laskou-k-tvorbe-zlin-design-week-2026-predstavuje-program-festivalu","status":"publish","type":"post","link":"https:\/\/zlindesignweek.com\/2026\/2026\/03\/16\/design-s-laskou-k-tvorbe-zlin-design-week-2026-predstavuje-program-festivalu\/","title":{"rendered":"Design s&nbsp;l\u00e1skou k&nbsp;tvorb\u011b. Zlin Design Week 2026 p\u0159edstavuje program festivalu"},"content":{"rendered":"\n<p><mark style=\"background-color:rgba(0, 0, 0, 0)\" class=\"has-inline-color has-white-color\">M\u011bsto Zl\u00edn se i&nbsp;letos na ja\u0159e prom\u011bn\u00ed v&nbsp;m\u00edsto pln\u00e9 kreativity, inspirace a&nbsp;setk\u00e1v\u00e1n\u00ed. Od 6.&nbsp;do 12.&nbsp;kv\u011btna 2026 se uskute\u010dn\u00ed 12.&nbsp;ro\u010dn\u00edk festivalu Zlin Design Week, kter\u00fd po\u0159\u00e1d\u00e1 Fakulta multimedi\u00e1ln\u00edch komunikac\u00ed Univerzity Tom\u00e1\u0161e Bati ve Zl\u00edn\u011b. Festival ka\u017edoro\u010dn\u011b propojuje design\u00e9ry, studenty i&nbsp;\u0161irokou ve\u0159ejnost a&nbsp;nab\u00edz\u00ed otev\u0159en\u00fd prostor pro sd\u00edlen\u00ed n\u00e1pad\u016f, diskuzi a&nbsp;inspiraci. Leto\u0161n\u00ed ro\u010dn\u00edk p\u0159ich\u00e1z\u00ed s&nbsp;t\u00e9matem L\u00c1SKA, kter\u00e9 se\u00a0zam\u011b\u0159uje na motivaci k&nbsp;tvorb\u011b, empatii a&nbsp;spolupr\u00e1ci v&nbsp;designu. N\u00e1v\u0161t\u011bvn\u00edci se mohou t\u011b\u0161it na v\u00fdstavy, workshopy, m\u00f3dn\u00ed p\u0159ehl\u00eddky, Design Market i&nbsp;dal\u0161\u00ed doprovodn\u00fd program, kter\u00fd se odehraje na r\u016fzn\u00fdch m\u00edstech nap\u0159\u00ed\u010d Zl\u00ednem.<\/mark><\/p>\n\n\n\n<p>T\u00e9matem 12.&nbsp;ro\u010dn\u00edku Zlin Design Weeku je L\u00c1SKA. \u201e<em>Cht\u011bly jsme t\u00e9ma, kter\u00e9 ve\u0159ejnost zasko\u010d\u00ed, p\u0159im\u011bje ji zamyslet se a&nbsp;z\u00e1rove\u0148 vyvol\u00e1 emoce,\u201c<\/em> \u0159\u00edk\u00e1 B\u00e1ra Kolondrov\u00e1, \u0159editelka festivalu. L\u00e1ska k&nbsp;designu, tvorb\u011b i&nbsp;experimentu stoj\u00ed v&nbsp;samotn\u00e9m j\u00e1dru leto\u0161n\u00edho t\u00e9matu. Otev\u00edr\u00e1 ot\u00e1zky, jak m\u016f\u017ee design vznikat z&nbsp;nad\u0161en\u00ed a&nbsp;empatie a&nbsp;z\u00e1rove\u0148 p\u0159in\u00e1\u0161et \u0159e\u0161en\u00ed, kter\u00e1 jsou u\u017eite\u010dn\u00e1, dostupn\u00e1 a&nbsp;p\u0159\u00ednosn\u00e1 pro sv\u00e9 okol\u00ed. V&nbsp;dob\u011b, kdy se sv\u011bt \u010dasto zd\u00e1 b\u00fdt rozd\u011blen\u00fd a&nbsp;zam\u011b\u0159en\u00fd p\u0159edev\u0161\u00edm na individu\u00e1ln\u00ed \u00fasp\u011bch, chce Zlin Design Week otev\u0159\u00edt diskuzi o&nbsp;tom, jak m\u016f\u017ee design podporovat spolupr\u00e1ci a&nbsp;p\u00e9\u010di o&nbsp;druh\u00e9. Leto\u0161n\u00ed ro\u010dn\u00edk se&nbsp;proto zam\u011b\u0159uje nejen na samotn\u00e9 design\u00e9ry a&nbsp;jejich motivaci tvo\u0159it, ale tak\u00e9 na to, jak m\u016f\u017ee design p\u0159isp\u00edvat k&nbsp;pozitivn\u00edm zm\u011bn\u00e1m ve spole\u010dnosti.<\/p>\n\n\n\n<h4 class=\"wp-block-heading\">Slavnostn\u00ed zah\u00e1jen\u00ed festivalu<\/h4>\n\n\n\n<p>Festival odstartuje ve st\u0159edu 6.&nbsp;kv\u011btna Slavnostn\u00edm zah\u00e1jen\u00edm na n\u00e1dvo\u0159\u00ed zl\u00ednsk\u00e9ho z\u00e1mku, kter\u00e9 za\u010dne v&nbsp;18:00. Sou\u010d\u00e1st\u00ed ve\u010dera bude vernis\u00e1\u017e hlavn\u00ed festivalov\u00e9 v\u00fdstavy All you need is design. Ta bude pro ve\u0159ejnost otev\u0159ena od 7.&nbsp;do 12.&nbsp;kv\u011btna v\u017edy od 10:00 do 18:00 a&nbsp;vstup je zdarma. N\u00e1v\u0161t\u011bvn\u00edci se tak\u00e9 mohou t\u011b\u0161it na performativn\u00ed m\u00f3dn\u00ed p\u0159ehl\u00eddku, kter\u00e1 div\u00e1ky provede skrz hlavn\u00ed v\u00fdstavu a\u017e na z\u00e1meck\u00e9 n\u00e1dvo\u0159\u00ed, kde n\u00e1sledn\u011b odstartuje hudebn\u00ed program s&nbsp;DJ setem.<\/p>\n\n\n\n<figure class=\"wp-block-gallery has-nested-images columns-default is-cropped wp-block-gallery-1 is-layout-flex wp-block-gallery-is-layout-flex\">\n<figure class=\"wp-block-image size-large\"><img loading=\"lazy\" decoding=\"async\" width=\"750\" height=\"1125\" data-id=\"41818\" src=\"https:\/\/zlindesignweek.com\/2026\/wp-content\/uploads\/2026\/03\/zdw-75-u-zamkuinstalace-machsimon-37-750x1125.jpg\" alt=\"\" class=\"wp-image-41818\" srcset=\"https:\/\/zlindesignweek.com\/2026\/wp-content\/uploads\/2026\/03\/zdw-75-u-zamkuinstalace-machsimon-37-750x1125.jpg 750w, https:\/\/zlindesignweek.com\/2026\/wp-content\/uploads\/2026\/03\/zdw-75-u-zamkuinstalace-machsimon-37-500x750.jpg 500w, https:\/\/zlindesignweek.com\/2026\/wp-content\/uploads\/2026\/03\/zdw-75-u-zamkuinstalace-machsimon-37-768x1152.jpg 768w, https:\/\/zlindesignweek.com\/2026\/wp-content\/uploads\/2026\/03\/zdw-75-u-zamkuinstalace-machsimon-37-1024x1536.jpg 1024w, https:\/\/zlindesignweek.com\/2026\/wp-content\/uploads\/2026\/03\/zdw-75-u-zamkuinstalace-machsimon-37-1366x2048.jpg 1366w, https:\/\/zlindesignweek.com\/2026\/wp-content\/uploads\/2026\/03\/zdw-75-u-zamkuinstalace-machsimon-37-1440x2160.jpg 1440w, https:\/\/zlindesignweek.com\/2026\/wp-content\/uploads\/2026\/03\/zdw-75-u-zamkuinstalace-machsimon-37-250x375.jpg 250w, https:\/\/zlindesignweek.com\/2026\/wp-content\/uploads\/2026\/03\/zdw-75-u-zamkuinstalace-machsimon-37.jpg 1667w\" sizes=\"auto, (max-width: 750px) 100vw, 750px\" \/><\/figure>\n\n\n\n<figure class=\"wp-block-image size-large\"><img loading=\"lazy\" decoding=\"async\" width=\"750\" height=\"500\" data-id=\"41819\" src=\"https:\/\/zlindesignweek.com\/2026\/wp-content\/uploads\/2026\/03\/zdw-85-g18instalace-machsimon-03-750x500.jpg\" alt=\"\" class=\"wp-image-41819\" srcset=\"https:\/\/zlindesignweek.com\/2026\/wp-content\/uploads\/2026\/03\/zdw-85-g18instalace-machsimon-03-750x500.jpg 750w, https:\/\/zlindesignweek.com\/2026\/wp-content\/uploads\/2026\/03\/zdw-85-g18instalace-machsimon-03-500x333.jpg 500w, https:\/\/zlindesignweek.com\/2026\/wp-content\/uploads\/2026\/03\/zdw-85-g18instalace-machsimon-03-768x512.jpg 768w, https:\/\/zlindesignweek.com\/2026\/wp-content\/uploads\/2026\/03\/zdw-85-g18instalace-machsimon-03-1536x1024.jpg 1536w, https:\/\/zlindesignweek.com\/2026\/wp-content\/uploads\/2026\/03\/zdw-85-g18instalace-machsimon-03-2048x1366.jpg 2048w, https:\/\/zlindesignweek.com\/2026\/wp-content\/uploads\/2026\/03\/zdw-85-g18instalace-machsimon-03-1440x960.jpg 1440w, https:\/\/zlindesignweek.com\/2026\/wp-content\/uploads\/2026\/03\/zdw-85-g18instalace-machsimon-03-250x167.jpg 250w\" sizes=\"auto, (max-width: 750px) 100vw, 750px\" \/><\/figure>\n<\/figure>\n\n\n\n<h4 class=\"wp-block-heading\">Workshopy, edukace i&nbsp;doprovodn\u00fd program<\/h4>\n\n\n\n<p>B\u011bhem festivalov\u00e9ho t\u00fddne nab\u00eddne Zlin Design Week \u0159adu workshop\u016f, edukativn\u00edch aktivit a&nbsp;tv\u016fr\u010d\u00edch setk\u00e1n\u00ed. Program zahrnuje otev\u0159en\u00e9 workshopy pro ve\u0159ejnost, program pro \u0161koly i&nbsp;diskuze s&nbsp;design\u00e9ry.<\/p>\n\n\n\n<p>Sou\u010d\u00e1st\u00ed programu bude tak\u00e9 Design KANT\u00ddNA, kter\u00e1 po&nbsp;cel\u00fd festivalov\u00fd t\u00fdden nab\u00eddne prostor pro setk\u00e1v\u00e1n\u00ed, sd\u00edlen\u00ed inspirace a&nbsp;diskuzi o&nbsp;sou\u010dasn\u00e9m designu. Form\u00e1t propoj\u00ed kreativce, odborn\u00edky i&nbsp;ve\u0159ejnost se z\u00e1jmem o&nbsp;design a&nbsp;vytvo\u0159\u00ed prostor pro nov\u00e9 podn\u011bty i&nbsp;networking.&nbsp;<\/p>\n\n\n\n<p>Doprovodn\u00fd program dopln\u00ed komentovan\u00e1 proch\u00e1zka m\u011bstem zam\u011b\u0159en\u00e1 na design a&nbsp;architekturu Zl\u00edna nebo ZDW Swap &amp; morning disco, kter\u00fd nab\u00eddne prostor pro v\u00fdm\u011bnu oble\u010den\u00ed a&nbsp;podpo\u0159\u00ed udr\u017eiteln\u011bj\u0161\u00ed p\u0159\u00edstup k&nbsp;m\u00f3d\u011b. Sou\u010d\u00e1st\u00ed programu bude tak\u00e9 nov\u00fd koncept Wine, Dine &amp; Design, komorn\u00ed setk\u00e1n\u00ed propojuj\u00edc\u00ed design, gastronomii a&nbsp;networking, je\u017e nab\u00eddne prostor pro sd\u00edlen\u00ed zku\u0161enost\u00ed mezi odborn\u00edky z&nbsp;oboru, studenty a&nbsp;za\u010d\u00ednaj\u00edc\u00edmi design\u00e9ry.<\/p>\n\n\n\n<figure class=\"wp-block-image size-large\"><img loading=\"lazy\" decoding=\"async\" width=\"750\" height=\"500\" src=\"https:\/\/zlindesignweek.com\/2026\/wp-content\/uploads\/2026\/03\/zdw-105-kantyna-sila-spoluprace-okunkova-17-750x500.jpg\" alt=\"\" class=\"wp-image-41817\" srcset=\"https:\/\/zlindesignweek.com\/2026\/wp-content\/uploads\/2026\/03\/zdw-105-kantyna-sila-spoluprace-okunkova-17-750x500.jpg 750w, https:\/\/zlindesignweek.com\/2026\/wp-content\/uploads\/2026\/03\/zdw-105-kantyna-sila-spoluprace-okunkova-17-500x333.jpg 500w, https:\/\/zlindesignweek.com\/2026\/wp-content\/uploads\/2026\/03\/zdw-105-kantyna-sila-spoluprace-okunkova-17-768x512.jpg 768w, https:\/\/zlindesignweek.com\/2026\/wp-content\/uploads\/2026\/03\/zdw-105-kantyna-sila-spoluprace-okunkova-17-1536x1024.jpg 1536w, https:\/\/zlindesignweek.com\/2026\/wp-content\/uploads\/2026\/03\/zdw-105-kantyna-sila-spoluprace-okunkova-17-2048x1366.jpg 2048w, https:\/\/zlindesignweek.com\/2026\/wp-content\/uploads\/2026\/03\/zdw-105-kantyna-sila-spoluprace-okunkova-17-1440x960.jpg 1440w, https:\/\/zlindesignweek.com\/2026\/wp-content\/uploads\/2026\/03\/zdw-105-kantyna-sila-spoluprace-okunkova-17-250x167.jpg 250w\" sizes=\"auto, (max-width: 750px) 100vw, 750px\" \/><\/figure>\n\n\n\n<h4 class=\"wp-block-heading\">Fashion Show a&nbsp;ZDW Party<\/h4>\n\n\n\n<p>Jedn\u00edm z&nbsp;hlavn\u00edch bod\u016f festivalov\u00e9ho programu bude Fashion Show, kter\u00e1 p\u0159edstav\u00ed sou\u010dasnou tvorbu mlad\u00fdch m\u00f3dn\u00edch design\u00e9r\u016f. P\u0159ehl\u00eddka se uskute\u010dn\u00ed v&nbsp;p\u00e1tek 8.&nbsp;kv\u011btna od 19:00 hodin v&nbsp;gar\u00e1\u017e\u00edch Technologick\u00e9 fakulty UTB. Nab\u00eddne nejen prezentaci kolekc\u00ed, ale tak\u00e9 vizu\u00e1ln\u00ed z\u00e1\u017eitek propojuj\u00edc\u00ed m\u00f3du, sc\u00e9nografii a&nbsp;hudbu. V&nbsp;p\u00e1tek ve\u010der se mohou n\u00e1v\u0161t\u011bvn\u00edci t\u011b\u0161it na ZDW Party, kde se p\u0159edstav\u00ed t\u0159i sloven\u0161t\u00ed interpreti \u2013 FVLCRVM, DJ Lipi a&nbsp;Kristie Kardio. Vstupenky na Fashion Show i&nbsp;ZDW Party bude mo\u017en\u00e9 zakoupit od 2.&nbsp;dubna na port\u00e1lu <a href=\"http:\/\/smsticket.cz\/\">smsticket.cz<\/a>.<\/p>\n\n\n\n<figure class=\"wp-block-gallery has-nested-images columns-default is-cropped wp-block-gallery-2 is-layout-flex wp-block-gallery-is-layout-flex\">\n<figure class=\"wp-block-image size-large\"><img loading=\"lazy\" decoding=\"async\" width=\"750\" height=\"500\" data-id=\"41816\" src=\"https:\/\/zlindesignweek.com\/2026\/wp-content\/uploads\/2026\/03\/zdw-fas-37-750x500.jpg\" alt=\"\" class=\"wp-image-41816\" srcset=\"https:\/\/zlindesignweek.com\/2026\/wp-content\/uploads\/2026\/03\/zdw-fas-37-750x500.jpg 750w, https:\/\/zlindesignweek.com\/2026\/wp-content\/uploads\/2026\/03\/zdw-fas-37-500x333.jpg 500w, https:\/\/zlindesignweek.com\/2026\/wp-content\/uploads\/2026\/03\/zdw-fas-37-768x512.jpg 768w, https:\/\/zlindesignweek.com\/2026\/wp-content\/uploads\/2026\/03\/zdw-fas-37-1536x1024.jpg 1536w, https:\/\/zlindesignweek.com\/2026\/wp-content\/uploads\/2026\/03\/zdw-fas-37-2048x1365.jpg 2048w, https:\/\/zlindesignweek.com\/2026\/wp-content\/uploads\/2026\/03\/zdw-fas-37-1440x960.jpg 1440w, https:\/\/zlindesignweek.com\/2026\/wp-content\/uploads\/2026\/03\/zdw-fas-37-250x167.jpg 250w\" sizes=\"auto, (max-width: 750px) 100vw, 750px\" \/><\/figure>\n\n\n\n<figure class=\"wp-block-image size-large\"><img loading=\"lazy\" decoding=\"async\" width=\"750\" height=\"500\" data-id=\"41815\" src=\"https:\/\/zlindesignweek.com\/2026\/wp-content\/uploads\/2026\/03\/zdw-zdw-party-sm-6-2-750x500.jpg\" alt=\"\" class=\"wp-image-41815\" srcset=\"https:\/\/zlindesignweek.com\/2026\/wp-content\/uploads\/2026\/03\/zdw-zdw-party-sm-6-2-750x500.jpg 750w, https:\/\/zlindesignweek.com\/2026\/wp-content\/uploads\/2026\/03\/zdw-zdw-party-sm-6-2-500x333.jpg 500w, https:\/\/zlindesignweek.com\/2026\/wp-content\/uploads\/2026\/03\/zdw-zdw-party-sm-6-2-768x512.jpg 768w, https:\/\/zlindesignweek.com\/2026\/wp-content\/uploads\/2026\/03\/zdw-zdw-party-sm-6-2-1536x1024.jpg 1536w, https:\/\/zlindesignweek.com\/2026\/wp-content\/uploads\/2026\/03\/zdw-zdw-party-sm-6-2-2048x1366.jpg 2048w, https:\/\/zlindesignweek.com\/2026\/wp-content\/uploads\/2026\/03\/zdw-zdw-party-sm-6-2-1440x960.jpg 1440w, https:\/\/zlindesignweek.com\/2026\/wp-content\/uploads\/2026\/03\/zdw-zdw-party-sm-6-2-250x167.jpg 250w\" sizes=\"auto, (max-width: 750px) 100vw, 750px\" \/><\/figure>\n<\/figure>\n\n\n\n<h4 class=\"wp-block-heading\">Best in Design a&nbsp;setk\u00e1v\u00e1n\u00ed kreativn\u00ed komunity<\/h4>\n\n\n\n<p>Festival je tradi\u010dn\u011b spojen tak\u00e9 s&nbsp;mezin\u00e1rodn\u00ed sout\u011b\u017e\u00ed Best in Design, kter\u00e1 podporuje mlad\u00e9 design\u00e9ry a&nbsp;design\u00e9rky z&nbsp;cel\u00e9ho sv\u011bta. Program odstartuje v&nbsp;sobotu 9.&nbsp;kv\u011btna v&nbsp;18:00 vernis\u00e1\u017e\u00ed v\u00fdstavy Best of \u201926: Made with Passion v&nbsp;galerii G18, kter\u00e1 p\u0159edstav\u00ed pr\u00e1ce finalist\u016f sout\u011b\u017ee a&nbsp;nab\u00eddne pohled na tvorbu design\u00e9r\u016f z&nbsp;r\u016fzn\u00fdch zem\u00ed. N\u00e1sledovat bude Slavnostn\u00ed vyhl\u00e1\u0161en\u00ed cen Best in Design, je\u017e bude letos poprv\u00e9 p\u0159\u00edstupn\u00e9 i&nbsp;ve\u0159ejnosti a&nbsp;uskute\u010dn\u00ed se v&nbsp;Kongresov\u00e9m centru Zl\u00edn od 20:00. Cel\u00fdm ve\u010derem div\u00e1ky provede Karel Semotam za hudebn\u00edho doprovodu kvarteta Fashion Strings. Slavnostn\u00ed akci zakon\u010d\u00ed afterparty, kter\u00e1 bude stejn\u011b jako zbytek t\u00e9to programov\u00e9 \u010d\u00e1sti pro n\u00e1v\u0161t\u011bvn\u00edky zdarma.<\/p>\n\n\n\n<figure class=\"wp-block-image size-large\"><img loading=\"lazy\" decoding=\"async\" width=\"750\" height=\"500\" src=\"https:\/\/zlindesignweek.com\/2026\/wp-content\/uploads\/2026\/03\/best-in-design-predavanie-cien-14-750x500.jpeg\" alt=\"\" class=\"wp-image-41814\" srcset=\"https:\/\/zlindesignweek.com\/2026\/wp-content\/uploads\/2026\/03\/best-in-design-predavanie-cien-14-750x500.jpeg 750w, https:\/\/zlindesignweek.com\/2026\/wp-content\/uploads\/2026\/03\/best-in-design-predavanie-cien-14-500x333.jpeg 500w, https:\/\/zlindesignweek.com\/2026\/wp-content\/uploads\/2026\/03\/best-in-design-predavanie-cien-14-768x512.jpeg 768w, https:\/\/zlindesignweek.com\/2026\/wp-content\/uploads\/2026\/03\/best-in-design-predavanie-cien-14-1536x1024.jpeg 1536w, https:\/\/zlindesignweek.com\/2026\/wp-content\/uploads\/2026\/03\/best-in-design-predavanie-cien-14-2048x1366.jpeg 2048w, https:\/\/zlindesignweek.com\/2026\/wp-content\/uploads\/2026\/03\/best-in-design-predavanie-cien-14-1440x960.jpeg 1440w, https:\/\/zlindesignweek.com\/2026\/wp-content\/uploads\/2026\/03\/best-in-design-predavanie-cien-14-250x167.jpeg 250w\" sizes=\"auto, (max-width: 750px) 100vw, 750px\" \/><\/figure>\n\n\n\n<h4 class=\"wp-block-heading\">Design Market, Flash Talks powered by PechaKucha a&nbsp;program ve m\u011bst\u011b<\/h4>\n\n\n\n<p>Dal\u0161\u00ed v\u00edkendov\u00e1 \u010d\u00e1st festivalu p\u0159inese Design Market na Tr\u017ei\u0161ti pod Ka\u0161tany, kde si&nbsp;n\u00e1v\u0161t\u011bvn\u00edci budou moci zakoupit nap\u0159\u00edklad m\u00f3dn\u00ed dopl\u0148ky, \u0161perky, kosmetiku, pap\u00edrensk\u00e9 pot\u0159eby, kv\u011btiny z&nbsp;kv\u011btin\u00e1\u0159stv\u00ed Chv\u00edle \u010di&nbsp;dal\u0161\u00ed origin\u00e1ln\u00ed produkty od design\u00e9r\u016f a&nbsp;tv\u016frc\u016f. Design Market se uskute\u010dn\u00ed v&nbsp;ned\u011bli 10.&nbsp;kv\u011btna od 10:00 do 17:00 a&nbsp;sou\u010d\u00e1st\u00ed programu budou tak\u00e9 workshopy a&nbsp;\u017eiv\u00e1 hudba. Ned\u011bln\u00ed program obohat\u00ed Flash Talks, powered by&nbsp;PechaKucha, kter\u00e9 se uskute\u010dn\u00ed v&nbsp;Divadle Mal\u00e1 sc\u00e9na od 18:00. Dynamick\u00fd form\u00e1t kr\u00e1tk\u00fdch prezentac\u00ed nab\u00eddne deseti \u0159e\u010dn\u00edk\u016fm prostor pro sd\u00edlen\u00ed inspirativn\u00edch projekt\u016f a&nbsp;my\u0161lenek z&nbsp;oblasti designu a&nbsp;kreativn\u00edch odv\u011btv\u00ed. Vstup na tuto akci je zpoplatn\u011bn a&nbsp;vstupenky budou k&nbsp;zakoupen\u00ed na port\u00e1lu <a href=\"http:\/\/smsticket.cz\/\">smsticket.cz<\/a>.<\/p>\n\n\n\n<p>Festival se z\u00e1rove\u0148 roz\u0161\u00ed\u0159\u00ed i&nbsp;do dal\u0161\u00edch m\u00edst ve Zl\u00edn\u011b prost\u0159ednictv\u00edm Otev\u0159en\u00fdch kreativn\u00edch studi\u00ed nebo komunitn\u00edch aktivit, kter\u00e9 propoj\u00ed design s&nbsp;ka\u017edodenn\u00edm \u017eivotem m\u011bsta.<\/p>\n\n\n\n<figure class=\"wp-block-image size-large\"><img loading=\"lazy\" decoding=\"async\" width=\"750\" height=\"500\" src=\"https:\/\/zlindesignweek.com\/2026\/wp-content\/uploads\/2026\/03\/85-okunkova-pecakuca-zamek-13-750x500.jpg\" alt=\"\" class=\"wp-image-41813\" srcset=\"https:\/\/zlindesignweek.com\/2026\/wp-content\/uploads\/2026\/03\/85-okunkova-pecakuca-zamek-13-750x500.jpg 750w, https:\/\/zlindesignweek.com\/2026\/wp-content\/uploads\/2026\/03\/85-okunkova-pecakuca-zamek-13-500x333.jpg 500w, https:\/\/zlindesignweek.com\/2026\/wp-content\/uploads\/2026\/03\/85-okunkova-pecakuca-zamek-13-768x512.jpg 768w, https:\/\/zlindesignweek.com\/2026\/wp-content\/uploads\/2026\/03\/85-okunkova-pecakuca-zamek-13-1536x1024.jpg 1536w, https:\/\/zlindesignweek.com\/2026\/wp-content\/uploads\/2026\/03\/85-okunkova-pecakuca-zamek-13-2048x1366.jpg 2048w, https:\/\/zlindesignweek.com\/2026\/wp-content\/uploads\/2026\/03\/85-okunkova-pecakuca-zamek-13-1440x960.jpg 1440w, https:\/\/zlindesignweek.com\/2026\/wp-content\/uploads\/2026\/03\/85-okunkova-pecakuca-zamek-13-250x167.jpg 250w\" sizes=\"auto, (max-width: 750px) 100vw, 750px\" \/><\/figure>\n\n\n\n<h4 class=\"wp-block-heading\">Z\u00e1v\u011br festivalu: konference o&nbsp;designu a&nbsp;videomappingov\u00fd festival<\/h4>\n\n\n\n<p>Z\u00e1v\u011bre\u010dn\u00fd den festivalu v&nbsp;\u00fater\u00fd 12.&nbsp;kv\u011btna nab\u00eddne workshop i&nbsp;neform\u00e1ln\u00ed konferenci Design na hranici x Katakomby na zl\u00ednsk\u00e9m z\u00e1mku. Ve\u010dern\u00ed program vyvrchol\u00ed videomappingov\u00fdm festivalem Maska, kter\u00fd po&nbsp;setm\u011bn\u00ed prom\u011bn\u00ed budovu Ba\u0165ova institutu ve velkoform\u00e1tovou audiovizu\u00e1ln\u00ed projekci a&nbsp;symbolicky uzav\u0159e leto\u0161n\u00ed ro\u010dn\u00edk Zlin Design Weeku.<\/p>\n\n\n\n<hr class=\"has-zdw-background-color has-background\" style=\"border:0;height:2px;margin:24px 0;\">\n\n\n\n<p>Vstupenky na placen\u00e9 \u010d\u00e1sti programu jsou k&nbsp;dispozici od 2.&nbsp;dubna 2026 na <a href=\"https:\/\/www.smsticket.cz\/\">smsticket.cz<\/a>.<\/p>\n\n\n\n<p>Kompletn\u00ed program a&nbsp;dal\u0161\u00ed informace najdete na <a href=\"https:\/\/www.zlindesignweek.com\/\">www.zlindesignweek.com<\/a>.&nbsp;<\/p>\n\n\n\n<hr class=\"has-zdw-background-color has-background\" style=\"border:0;height:2px;margin:24px 0;\">\n\n\n\n<p><\/p>\n\n\n\n<p><\/p>\n","protected":false},"excerpt":{"rendered":"M\u011bsto Zl\u00edn se i&nbsp;letos na ja\u0159e prom\u011bn\u00ed v&nbsp;m\u00edsto pln\u00e9 kreativity, inspirace a&nbsp;setk\u00e1v\u00e1n\u00ed. Od 6.&nbsp;do 12.&nbsp;kv\u011btna 2026 se uskute\u010dn\u00ed 12.&nbsp;ro\u010dn\u00edk festivalu Zlin Design Week, kter\u00fd po\u0159\u00e1d\u00e1 [&hellip;]","protected":false},"author":52,"featured_media":41820,"comment_status":"closed","ping_status":"closed","sticky":false,"template":"","format":"standard","meta":{"_acf_changed":false,"footnotes":""},"categories":[1],"class_list":["post-41809","post","type-post","status-publish","format-standard","has-post-thumbnail","hentry","category-blog"],"acf":[],"_links":{"self":[{"href":"https:\/\/zlindesignweek.com\/2026\/wp-json\/wp\/v2\/posts\/41809","targetHints":{"allow":["GET"]}}],"collection":[{"href":"https:\/\/zlindesignweek.com\/2026\/wp-json\/wp\/v2\/posts"}],"about":[{"href":"https:\/\/zlindesignweek.com\/2026\/wp-json\/wp\/v2\/types\/post"}],"author":[{"embeddable":true,"href":"https:\/\/zlindesignweek.com\/2026\/wp-json\/wp\/v2\/users\/52"}],"replies":[{"embeddable":true,"href":"https:\/\/zlindesignweek.com\/2026\/wp-json\/wp\/v2\/comments?post=41809"}],"version-history":[{"count":7,"href":"https:\/\/zlindesignweek.com\/2026\/wp-json\/wp\/v2\/posts\/41809\/revisions"}],"predecessor-version":[{"id":41827,"href":"https:\/\/zlindesignweek.com\/2026\/wp-json\/wp\/v2\/posts\/41809\/revisions\/41827"}],"wp:featuredmedia":[{"embeddable":true,"href":"https:\/\/zlindesignweek.com\/2026\/wp-json\/wp\/v2\/media\/41820"}],"wp:attachment":[{"href":"https:\/\/zlindesignweek.com\/2026\/wp-json\/wp\/v2\/media?parent=41809"}],"wp:term":[{"taxonomy":"category","embeddable":true,"href":"https:\/\/zlindesignweek.com\/2026\/wp-json\/wp\/v2\/categories?post=41809"}],"curies":[{"name":"wp","href":"https:\/\/api.w.org\/{rel}","templated":true}]}}