{"id":35813,"date":"2025-12-12T19:41:39","date_gmt":"2025-12-12T18:41:39","guid":{"rendered":"https:\/\/zlindesignweek.com\/2026\/?p=35813"},"modified":"2025-12-21T08:42:15","modified_gmt":"2025-12-21T07:42:15","slug":"best-in-design-odhaluje-porotu-na-mlade-tvurce-cekaji-osobnosti-ktere-designem-opravdu-ziji","status":"publish","type":"post","link":"https:\/\/zlindesignweek.com\/2026\/2025\/12\/12\/best-in-design-odhaluje-porotu-na-mlade-tvurce-cekaji-osobnosti-ktere-designem-opravdu-ziji\/","title":{"rendered":"Best in Design odhaluje porotu. Na mlad\u00e9 tv\u016frce \u010dekaj\u00ed osobnosti, kter\u00e9 designem opravdu \u017eij\u00ed"},"content":{"rendered":"\n<p><strong>Tv\u016frce 3D vizu\u00e1l\u016f Dan Zucco, oce\u0148ovan\u00e1 produktov\u00e1 design\u00e9rka Anna Mare\u0161ov\u00e1, \u010di&nbsp;m\u00f3dn\u00ed inov\u00e1tor Milan Flori\u00e1n Fl\u00ed\u010dek, zn\u00e1m\u00fd pro sv\u016fj aktivistick\u00fd p\u0159\u00edstup k&nbsp;tvorb\u011b \u2014 to jsou porotci pro 17.&nbsp;ro\u010dn\u00edk sout\u011b\u017ee Best in Design. Mlad\u00ed design\u00e9\u0159i tak maj\u00ed mo\u017enost p\u0159edstavit sv\u016fj projekt \u0161pi\u010dk\u00e1m v&nbsp;oboru, kte\u0159\u00ed ud\u00e1vaj\u00ed sm\u011br sv\u011btov\u00e9ho designu od komunikace p\u0159es produkt a&nbsp;m\u00f3du a\u017e po&nbsp;inovace slu\u017eeb. Design\u00e9\u0159i do 30 let mohou sv\u00e9 projekty p\u0159ihl\u00e1sit ve \u010dty\u0159ech kategori\u00edch do 1.&nbsp;\u00fanora 2026 a&nbsp;sout\u011b\u017eit nejen o&nbsp;v\u00fdhru a\u017e 1&nbsp;500 euro.<\/strong><\/p>\n\n\n<div class=\"wp-block-image\">\n<figure class=\"aligncenter size-large\"><img loading=\"lazy\" decoding=\"async\" width=\"750\" height=\"500\" src=\"https:\/\/zlindesignweek.com\/2026\/wp-content\/uploads\/2025\/12\/best-in-design-predavani-cen-2025-5-adeladrskova-750x500.jpeg\" alt=\"\" class=\"wp-image-35656\" srcset=\"https:\/\/zlindesignweek.com\/2026\/wp-content\/uploads\/2025\/12\/best-in-design-predavani-cen-2025-5-adeladrskova-750x500.jpeg 750w, https:\/\/zlindesignweek.com\/2026\/wp-content\/uploads\/2025\/12\/best-in-design-predavani-cen-2025-5-adeladrskova-500x333.jpeg 500w, https:\/\/zlindesignweek.com\/2026\/wp-content\/uploads\/2025\/12\/best-in-design-predavani-cen-2025-5-adeladrskova-768x512.jpeg 768w, https:\/\/zlindesignweek.com\/2026\/wp-content\/uploads\/2025\/12\/best-in-design-predavani-cen-2025-5-adeladrskova-1536x1024.jpeg 1536w, https:\/\/zlindesignweek.com\/2026\/wp-content\/uploads\/2025\/12\/best-in-design-predavani-cen-2025-5-adeladrskova-2048x1365.jpeg 2048w, https:\/\/zlindesignweek.com\/2026\/wp-content\/uploads\/2025\/12\/best-in-design-predavani-cen-2025-5-adeladrskova-1440x960.jpeg 1440w, https:\/\/zlindesignweek.com\/2026\/wp-content\/uploads\/2025\/12\/best-in-design-predavani-cen-2025-5-adeladrskova-250x167.jpeg 250w\" sizes=\"auto, (max-width: 750px) 100vw, 750px\" \/><\/figure><\/div>\n\n\n<p><em>\u201ePokud \u010dlov\u011bk v\u011b\u0159\u00ed svoj\u00ed pr\u00e1ci natolik, \u017ee u&nbsp;n\u00ed tr\u00e1v\u00ed dny i&nbsp;noci, potom ji chceme vid\u011bt. Kdo zva\u017euje p\u0159ihl\u00e1\u0161ku, neriskuje nic. Ale z\u00edskat m\u016f\u017ee v\u0161echno,\u201c <\/em>vyb\u00edz\u00ed mlad\u00e9 tv\u016frce novope\u010den\u00fd porotce a&nbsp;lo\u0148sk\u00fd absolutn\u00ed v\u00edt\u011bz Best in Design Dalibor Itze. Krom\u011b uzn\u00e1van\u00fdch design\u00e9r\u016f do poroty usednou i&nbsp;lo\u0148\u0161t\u00ed v\u00edt\u011bzov\u00e9 sout\u011b\u017ee Best in Design.<\/p>\n\n\n\n<h4 class=\"wp-block-heading\"><strong>Kategorie Communication Design<\/strong><\/h4>\n\n\n\n<p><strong>Dan Zucco<\/strong> jako st\u00e1l\u00fd \u010dlen op\u011bt usedne do poroty kategorie Communication Design. Digit\u00e1ln\u00ed um\u011blec p\u016fvodem z&nbsp;Tasm\u00e1nie se v\u011bnuje tvorb\u011b 3D vizu\u00e1l\u016f. Pracoval na voln\u00e9 noze pro p\u0159edn\u00ed studia po&nbsp;cel\u00e9m sv\u011bt\u011b a&nbsp;p\u016fsobil v&nbsp;designov\u00e9m a&nbsp;re\u017eijn\u00edm studiu ManvsMachine, kter\u00e9 tvo\u0159ilo kampan\u011b a&nbsp;projekty pro zna\u010dky jako Nike, Renault, Apple a&nbsp;Squarespace. <em>\u201eHled\u00e1m skute\u010dn\u00e9 zaujet\u00ed a&nbsp;v\u00edru v&nbsp;my\u0161lenku, spolu s&nbsp;jasn\u00fdm vysv\u011btlen\u00edm projektu a&nbsp;t\u00edm, pro\u010d p\u0159in\u00e1\u0161\u00ed sv\u011btu hodnotu,\u201c vzkazuje porotce Dan Zucco.<\/em><strong> <\/strong>Druh\u00fdm \u010dlenem poroty bude lo\u0148sk\u00fd v\u00edt\u011bz sout\u011b\u017ee Best in Design, <strong>Dalibor Itze<\/strong>. Minul\u00fd rok ohromil porotu sv\u00fdm projektem <em>Slovak Railways Redesign<\/em> \u2014 komplexn\u00edm vizu\u00e1ln\u00edm a&nbsp;informa\u010dn\u00edm syst\u00e9m pro slovensk\u00e9 \u017eeleznice. Dvojici mu\u017e\u016f dopln\u00ed t\u0159et\u00ed porotkyn\u011b <strong>Kamila \u0160t\u011bpni\u010dkov\u00e1<\/strong>. Jej\u00ed dom\u00e9nou je branding a&nbsp;tvorba vizu\u00e1ln\u00edch koncept\u016f zna\u010dek prim\u00e1rn\u011b pro zahrani\u010dn\u00ed klienty. Vizu\u00e1ly, kter\u00e9 tvo\u0159\u00ed, jsou velmi pestr\u00e9, barevn\u00e9 a&nbsp;hrav\u00e9.&nbsp;<\/p>\n\n\n\n<figure class=\"wp-block-gallery has-nested-images columns-default is-cropped wp-block-gallery-1 is-layout-flex wp-block-gallery-is-layout-flex\">\n<figure class=\"wp-block-image size-large\"><img loading=\"lazy\" decoding=\"async\" width=\"640\" height=\"801\" data-id=\"35814\" src=\"https:\/\/zlindesignweek.com\/2026\/wp-content\/uploads\/2025\/12\/com-dan-zucco.jpg\" alt=\"\" class=\"wp-image-35814\" srcset=\"https:\/\/zlindesignweek.com\/2026\/wp-content\/uploads\/2025\/12\/com-dan-zucco.jpg 640w, https:\/\/zlindesignweek.com\/2026\/wp-content\/uploads\/2025\/12\/com-dan-zucco-500x626.jpg 500w, https:\/\/zlindesignweek.com\/2026\/wp-content\/uploads\/2025\/12\/com-dan-zucco-250x313.jpg 250w\" sizes=\"auto, (max-width: 640px) 100vw, 640px\" \/><figcaption class=\"wp-element-caption\"><strong>Dan Zucco<\/strong><\/figcaption><\/figure>\n\n\n\n<figure class=\"wp-block-image size-large\"><img loading=\"lazy\" decoding=\"async\" width=\"450\" height=\"720\" data-id=\"35815\" src=\"https:\/\/zlindesignweek.com\/2026\/wp-content\/uploads\/2025\/12\/com-dalibor-itze.jpg\" alt=\"\" class=\"wp-image-35815\" srcset=\"https:\/\/zlindesignweek.com\/2026\/wp-content\/uploads\/2025\/12\/com-dalibor-itze.jpg 450w, https:\/\/zlindesignweek.com\/2026\/wp-content\/uploads\/2025\/12\/com-dalibor-itze-250x400.jpg 250w\" sizes=\"auto, (max-width: 450px) 100vw, 450px\" \/><figcaption class=\"wp-element-caption\"><strong>Dalibor Itze<\/strong><\/figcaption><\/figure>\n\n\n\n<figure class=\"wp-block-image size-large\"><img loading=\"lazy\" decoding=\"async\" width=\"750\" height=\"1000\" data-id=\"35816\" src=\"https:\/\/zlindesignweek.com\/2026\/wp-content\/uploads\/2025\/12\/com-kamila-stepnickova-750x1000.jpeg\" alt=\"\" class=\"wp-image-35816\" srcset=\"https:\/\/zlindesignweek.com\/2026\/wp-content\/uploads\/2025\/12\/com-kamila-stepnickova-750x1000.jpeg 750w, https:\/\/zlindesignweek.com\/2026\/wp-content\/uploads\/2025\/12\/com-kamila-stepnickova-500x667.jpeg 500w, https:\/\/zlindesignweek.com\/2026\/wp-content\/uploads\/2025\/12\/com-kamila-stepnickova-768x1024.jpeg 768w, https:\/\/zlindesignweek.com\/2026\/wp-content\/uploads\/2025\/12\/com-kamila-stepnickova-1152x1536.jpeg 1152w, https:\/\/zlindesignweek.com\/2026\/wp-content\/uploads\/2025\/12\/com-kamila-stepnickova-1536x2048.jpeg 1536w, https:\/\/zlindesignweek.com\/2026\/wp-content\/uploads\/2025\/12\/com-kamila-stepnickova-1440x1920.jpeg 1440w, https:\/\/zlindesignweek.com\/2026\/wp-content\/uploads\/2025\/12\/com-kamila-stepnickova-250x333.jpeg 250w, https:\/\/zlindesignweek.com\/2026\/wp-content\/uploads\/2025\/12\/com-kamila-stepnickova-scaled.jpeg 1920w\" sizes=\"auto, (max-width: 750px) 100vw, 750px\" \/><figcaption class=\"wp-element-caption\"><strong>Kamila \u0160t\u011bpni\u010dkov\u00e1<\/strong><\/figcaption><\/figure>\n<\/figure>\n\n\n\n<h4 class=\"wp-block-heading\"><strong>Kategorie<\/strong> <strong>Product &amp; Industrial Design<\/strong><\/h4>\n\n\n\n<p>Do prvn\u00edho k\u0159esla poroty v&nbsp;kategorii Product &amp; Industrial Design usedne zakladatelka zna\u010dky intimn\u00edch pom\u016fcek Whoop\u00b7de\u00b7doo. <strong>Anna Mare\u0161ov\u00e1<\/strong>, produktov\u00e1 design\u00e9rka, z\u00edskala za sv\u00e9 n\u00e1vrhy \u0159adu ocen\u011bn\u00ed \u2013 nap\u0159\u00edklad vibr\u00e1tor Whoop\u00b7de\u00b7doo obdr\u017eel Red Dot Award za produktov\u00fd design (2016), a&nbsp;ocen\u011bn\u00ed Red Dot Award i&nbsp;German Design Award z\u00edskal jej\u00ed projekt vyhl\u00eddkov\u00e9 tramvaje pro Prahu, T3 Coup\u00e9. Druhou porotkyn\u00ed bude <strong>Agnieszka Bujas<\/strong>. Polsk\u00e1 design\u00e9rka v\u011bnuje zvl\u00e1\u0161tn\u00ed pozornost projekt\u016fm ve zdravotnictv\u00ed. Zakl\u00e1d\u00e1 si na porozum\u011bn\u00ed u\u017eivatel\u016fm \u2013 jejich pot\u0159eb\u00e1m, motivac\u00edm a&nbsp;chov\u00e1n\u00ed. Sv\u00fdm projektem <em>Home Care for the Newborn and Mother During the Postpartum Period \u2013 Mobile Midwife Workstation<\/em> dominovala na \u0159ad\u011b v\u00fdstav i&nbsp;mezin\u00e1rodn\u00edch sout\u011b\u017e\u00ed v\u010detn\u011b Best in Design 2025, odkud si odnesla hned t\u0159i ocen\u011bn\u00ed. <strong>Marek Ku\u017ami\u0144ski <\/strong>usedne po&nbsp;boku dam jako posledn\u00ed porotce. Sou\u010d\u00e1st\u00ed sout\u011b\u017ee bude ji\u017e pot\u0159et\u00ed. Loni se stal porotcem poprv\u00e9 a&nbsp;v&nbsp;roce 2024 vyhr\u00e1l titul Best in Design. Ve sv\u00e9 kari\u00e9\u0159e se v\u011bnuje soci\u00e1ln\u00edmu designu a&nbsp;v\u00fdzkumu inkluzivn\u00edho a&nbsp;univerz\u00e1ln\u00edho designu, zejm\u00e9na v&nbsp;kontextu d\u011bt\u00ed s&nbsp;posti\u017een\u00edm. P\u0159eje si pomoc\u00ed designu zv\u00fd\u0161it sebe\u00factu a&nbsp;sebed\u016fv\u011bru t\u011bchto d\u011bt\u00ed. Tento z\u00e1m\u011br podtrhuje transforma\u010dn\u00ed s\u00edlu designu k&nbsp;vytvo\u0159en\u00ed inkluzivn\u011bj\u0161\u00edho a&nbsp;rovnocenn\u011bj\u0161\u00edho sv\u011bta.<\/p>\n\n\n\n<figure class=\"wp-block-gallery has-nested-images columns-default is-cropped wp-block-gallery-2 is-layout-flex wp-block-gallery-is-layout-flex\">\n<figure class=\"wp-block-image size-large\"><img decoding=\"async\" data-id=\"35817\" src=\"https:\/\/zlindesignweek.com\/2026\/wp-content\/uploads\/2025\/12\/proind-anna-maresova-750x1227.jpg\" alt=\"\" class=\"wp-image-35817\"\/><figcaption class=\"wp-element-caption\"><strong>Anna Mare\u0161ov\u00e1<\/strong><\/figcaption><\/figure>\n\n\n\n<figure class=\"wp-block-image size-large\"><img loading=\"lazy\" decoding=\"async\" width=\"750\" height=\"939\" data-id=\"35818\" src=\"https:\/\/zlindesignweek.com\/2026\/wp-content\/uploads\/2025\/12\/proind-agnieszka-bujas-750x939.png\" alt=\"\" class=\"wp-image-35818\" srcset=\"https:\/\/zlindesignweek.com\/2026\/wp-content\/uploads\/2025\/12\/proind-agnieszka-bujas-750x939.png 750w, https:\/\/zlindesignweek.com\/2026\/wp-content\/uploads\/2025\/12\/proind-agnieszka-bujas-500x626.png 500w, https:\/\/zlindesignweek.com\/2026\/wp-content\/uploads\/2025\/12\/proind-agnieszka-bujas-768x961.png 768w, https:\/\/zlindesignweek.com\/2026\/wp-content\/uploads\/2025\/12\/proind-agnieszka-bujas-1227x1536.png 1227w, https:\/\/zlindesignweek.com\/2026\/wp-content\/uploads\/2025\/12\/proind-agnieszka-bujas-1636x2048.png 1636w, https:\/\/zlindesignweek.com\/2026\/wp-content\/uploads\/2025\/12\/proind-agnieszka-bujas-1440x1803.png 1440w, https:\/\/zlindesignweek.com\/2026\/wp-content\/uploads\/2025\/12\/proind-agnieszka-bujas-250x313.png 250w, https:\/\/zlindesignweek.com\/2026\/wp-content\/uploads\/2025\/12\/proind-agnieszka-bujas.png 1691w\" sizes=\"auto, (max-width: 750px) 100vw, 750px\" \/><figcaption class=\"wp-element-caption\"><strong>Agnieszka Bujas<\/strong><\/figcaption><\/figure>\n\n\n\n<figure class=\"wp-block-image size-large\"><img loading=\"lazy\" decoding=\"async\" width=\"750\" height=\"938\" data-id=\"35819\" src=\"https:\/\/zlindesignweek.com\/2026\/wp-content\/uploads\/2025\/12\/pro-marek-kuzminski-750x938.jpg\" alt=\"\" class=\"wp-image-35819\" srcset=\"https:\/\/zlindesignweek.com\/2026\/wp-content\/uploads\/2025\/12\/pro-marek-kuzminski-750x938.jpg 750w, https:\/\/zlindesignweek.com\/2026\/wp-content\/uploads\/2025\/12\/pro-marek-kuzminski-500x625.jpg 500w, https:\/\/zlindesignweek.com\/2026\/wp-content\/uploads\/2025\/12\/pro-marek-kuzminski-768x960.jpg 768w, https:\/\/zlindesignweek.com\/2026\/wp-content\/uploads\/2025\/12\/pro-marek-kuzminski-1229x1536.jpg 1229w, https:\/\/zlindesignweek.com\/2026\/wp-content\/uploads\/2025\/12\/pro-marek-kuzminski-250x313.jpg 250w, https:\/\/zlindesignweek.com\/2026\/wp-content\/uploads\/2025\/12\/pro-marek-kuzminski.jpg 1440w\" sizes=\"auto, (max-width: 750px) 100vw, 750px\" \/><figcaption class=\"wp-element-caption\"><strong>Marek Ku\u017ami\u0144ski<\/strong><\/figcaption><\/figure>\n<\/figure>\n\n\n\n<h4 class=\"wp-block-heading\"><strong>Kategorie Fashion Design<\/strong><\/h4>\n\n\n\n<p>Kategorii Fashion Design bude hodnotit\u00a0<strong>Milan Flori\u00e1n Fl\u00ed\u010dek<\/strong>. Dnes p\u016fsob\u00ed jako \u010desk\u00fd m\u00f3dn\u00ed n\u00e1vrh\u00e1\u0159 v&nbsp;d\u00e1nsk\u00e9 metropoli. Je dr\u017eitelem n\u011bkolika m\u00f3dn\u00edch ocen\u011bn\u00ed v\u010detn\u011b Best in Design.\u00a0<em>\u201eNebojte se p\u0159ihl\u00e1sit projekt, kter\u00fd je osobn\u00ed, odv\u00e1\u017en\u00fd a&nbsp;jde proti proudu. Design m\u00e1 s\u00edlu m\u011bnit zp\u016fsoby, jak\u00fdmi \u017eijeme, a&nbsp;sout\u011b\u017ee jsou skv\u011blou p\u0159\u00edle\u017eitost\u00ed uk\u00e1zat vlastn\u00ed vizi a&nbsp;z\u00edskat cennou zp\u011btnou vazbu,\u201c<\/em>\u00a0vyb\u00edz\u00ed Milan mlad\u00e9 design\u00e9ry. Se svou zna\u010dkou Our Shift, kter\u00e1 z\u00edskala ocen\u011bn\u00ed Circular Startup of Scandinavia, upcykluje tuny oble\u010den\u00ed i&nbsp;stan\u016f a&nbsp;vytv\u00e1\u0159\u00ed tak udr\u017eitelnou a&nbsp;aktivistickou m\u00f3du. Tu prezentuje na m\u00f3dn\u00edch t\u00fddnech v&nbsp;Amsterdamu, Maastrichtu a&nbsp;p\u0159edev\u0161\u00edm v&nbsp;Kodani. Jeho c\u00edlem v&nbsp;r\u00e1mci projektu InTents EverRest je vystoupit na Mount Everest, zachr\u00e1nit opu\u0161t\u011bn\u00e9 stany a&nbsp;vytvo\u0159it z&nbsp;nich unik\u00e1tn\u00ed upcyklovanou kolekci. <\/p>\n\n\n\n<p>Jeho porotcovskou kolegyn\u00ed bude mlad\u00e1 polsk\u00e1 m\u00f3dn\u00ed design\u00e9rka a&nbsp;fotografka\u00a0<strong>Daria Dembicka<\/strong>. Specializuje se na navrhov\u00e1n\u00ed a&nbsp;v\u00fdrobu dopl\u0148k\u016f, \u0161perk\u016f, obuvi a&nbsp;kost\u00fdm\u016f. Inspiruje se feminismem a&nbsp;pop kulturou. \u010casopisy jako Harper\u2019s Bazaar, Pap Magazine, KMAG a&nbsp;GMARO Magazine publikovaly jej\u00ed pr\u00e1ci. Z\u00fa\u010dastnila se mnoha n\u00e1rodn\u00edch a&nbsp;evropsk\u00fdch v\u00fdstav, v\u010detn\u011b Dutch Design Week 2024 a&nbsp;Zlin Design Week 2025. Jm\u00e9no t\u0159et\u00edho porotce bylo vybr\u00e1no ve spolupr\u00e1ci se Slovak Fashion Council.\u00a0<strong>Zuzana Vr\u00e1be\u013eov\u00e1<\/strong>\u00a0se jako slovensk\u00e1 um\u011blkyn\u011b a&nbsp;n\u00e1vrh\u00e1\u0159ka specializuje na pletenou m\u00f3du. Jej\u00ed \u00faplety p\u0159ipom\u00ednaj\u00ed \u017eiv\u00e9 tvary. Zkoum\u00e1 materi\u00e1ly a&nbsp;jejich alternativn\u00ed vztahy k&nbsp;lidsk\u00e9mu t\u011blu.\u00a0 Zuzana vystavovala sv\u00e9 d\u00edlo po&nbsp;cel\u00e9 Evrop\u011b a&nbsp;neunikla ani pozornosti mezin\u00e1rodn\u00edch m\u00e9di\u00ed.<\/p>\n\n\n\n<figure class=\"wp-block-gallery has-nested-images columns-default is-cropped wp-block-gallery-3 is-layout-flex wp-block-gallery-is-layout-flex\">\n<figure class=\"wp-block-image size-large\"><img loading=\"lazy\" decoding=\"async\" width=\"750\" height=\"1061\" data-id=\"35820\" src=\"https:\/\/zlindesignweek.com\/2026\/wp-content\/uploads\/2025\/12\/fas-milan-flicek-750x1061.jpg\" alt=\"\" class=\"wp-image-35820\" srcset=\"https:\/\/zlindesignweek.com\/2026\/wp-content\/uploads\/2025\/12\/fas-milan-flicek-750x1061.jpg 750w, https:\/\/zlindesignweek.com\/2026\/wp-content\/uploads\/2025\/12\/fas-milan-flicek-500x707.jpg 500w, https:\/\/zlindesignweek.com\/2026\/wp-content\/uploads\/2025\/12\/fas-milan-flicek-768x1086.jpg 768w, https:\/\/zlindesignweek.com\/2026\/wp-content\/uploads\/2025\/12\/fas-milan-flicek-1086x1536.jpg 1086w, https:\/\/zlindesignweek.com\/2026\/wp-content\/uploads\/2025\/12\/fas-milan-flicek-1448x2048.jpg 1448w, https:\/\/zlindesignweek.com\/2026\/wp-content\/uploads\/2025\/12\/fas-milan-flicek-1440x2036.jpg 1440w, https:\/\/zlindesignweek.com\/2026\/wp-content\/uploads\/2025\/12\/fas-milan-flicek-250x354.jpg 250w, https:\/\/zlindesignweek.com\/2026\/wp-content\/uploads\/2025\/12\/fas-milan-flicek-scaled.jpg 1810w\" sizes=\"auto, (max-width: 750px) 100vw, 750px\" \/><figcaption class=\"wp-element-caption\"><strong>Milan Flori\u00e1n Fl\u00ed\u010dek<\/strong><\/figcaption><\/figure>\n\n\n\n<figure class=\"wp-block-image size-large\"><img loading=\"lazy\" decoding=\"async\" width=\"750\" height=\"1126\" data-id=\"35821\" src=\"https:\/\/zlindesignweek.com\/2026\/wp-content\/uploads\/2025\/12\/fas-daria-dembicka-1-750x1126.jpg\" alt=\"\" class=\"wp-image-35821\" srcset=\"https:\/\/zlindesignweek.com\/2026\/wp-content\/uploads\/2025\/12\/fas-daria-dembicka-1-750x1126.jpg 750w, https:\/\/zlindesignweek.com\/2026\/wp-content\/uploads\/2025\/12\/fas-daria-dembicka-1-500x751.jpg 500w, https:\/\/zlindesignweek.com\/2026\/wp-content\/uploads\/2025\/12\/fas-daria-dembicka-1-768x1153.jpg 768w, https:\/\/zlindesignweek.com\/2026\/wp-content\/uploads\/2025\/12\/fas-daria-dembicka-1-1023x1536.jpg 1023w, https:\/\/zlindesignweek.com\/2026\/wp-content\/uploads\/2025\/12\/fas-daria-dembicka-1-1364x2048.jpg 1364w, https:\/\/zlindesignweek.com\/2026\/wp-content\/uploads\/2025\/12\/fas-daria-dembicka-1-1440x2162.jpg 1440w, https:\/\/zlindesignweek.com\/2026\/wp-content\/uploads\/2025\/12\/fas-daria-dembicka-1-250x375.jpg 250w, https:\/\/zlindesignweek.com\/2026\/wp-content\/uploads\/2025\/12\/fas-daria-dembicka-1.jpg 1582w\" sizes=\"auto, (max-width: 750px) 100vw, 750px\" \/><figcaption class=\"wp-element-caption\"><strong>Daria Dembicka<\/strong><\/figcaption><\/figure>\n\n\n\n<figure class=\"wp-block-image size-large\"><img loading=\"lazy\" decoding=\"async\" width=\"750\" height=\"1125\" data-id=\"35939\" src=\"https:\/\/zlindesignweek.com\/2026\/wp-content\/uploads\/2025\/12\/fas-zuzana-vrabelova-750x1125.jpg\" alt=\"\" class=\"wp-image-35939\" srcset=\"https:\/\/zlindesignweek.com\/2026\/wp-content\/uploads\/2025\/12\/fas-zuzana-vrabelova-750x1125.jpg 750w, https:\/\/zlindesignweek.com\/2026\/wp-content\/uploads\/2025\/12\/fas-zuzana-vrabelova-500x750.jpg 500w, https:\/\/zlindesignweek.com\/2026\/wp-content\/uploads\/2025\/12\/fas-zuzana-vrabelova-768x1152.jpg 768w, https:\/\/zlindesignweek.com\/2026\/wp-content\/uploads\/2025\/12\/fas-zuzana-vrabelova-1024x1536.jpg 1024w, https:\/\/zlindesignweek.com\/2026\/wp-content\/uploads\/2025\/12\/fas-zuzana-vrabelova-1365x2048.jpg 1365w, https:\/\/zlindesignweek.com\/2026\/wp-content\/uploads\/2025\/12\/fas-zuzana-vrabelova-1440x2160.jpg 1440w, https:\/\/zlindesignweek.com\/2026\/wp-content\/uploads\/2025\/12\/fas-zuzana-vrabelova-250x375.jpg 250w, https:\/\/zlindesignweek.com\/2026\/wp-content\/uploads\/2025\/12\/fas-zuzana-vrabelova-scaled.jpg 1707w\" sizes=\"auto, (max-width: 750px) 100vw, 750px\" \/><figcaption class=\"wp-element-caption\"><strong>Zuzana Vr\u00e1be\u013eov\u00e1<\/strong><\/figcaption><\/figure>\n<\/figure>\n\n\n\n<h4 class=\"wp-block-heading\"><strong>Kategorie Service Design<\/strong><\/h4>\n\n\n\n<p>Prvn\u00ed porotce kategorie Service Design, <strong>Mat\u011bj K\u00e1ninsk\u00fd<\/strong>, m\u00e1 dvacet let zku\u0161enost\u00ed. Vedl designov\u00e9 t\u00fdmy v&nbsp;britsk\u00e9 BBC nebo \u010desk\u00e9 \u0160kod\u011b Auto. Nyn\u00ed jeho poradenstv\u00ed v&nbsp;oblasti Experience Designu vyu\u017e\u00edvaj\u00ed nejv\u011bt\u0161\u00ed americk\u00e9 spole\u010dnosti, v\u00fdznamn\u00e9 region\u00e1ln\u00ed firmy i&nbsp;nad\u011bjn\u00e9 startupy. Roli porotkyn\u011b si zopakuje soci\u00e1ln\u00ed design\u00e9rka a&nbsp;v\u00fdzkumn\u00e1 pracovnice spole\u010dnosti MOME, <strong>Janka Csern\u00e1k. <\/strong>Je spoluzakladatelkou Social Design Network. P\u0159i&nbsp;v\u00fdzkumech se zam\u011b\u0159uje na vztah mezi pohlav\u00edm a&nbsp;soci\u00e1ln\u00edm designem, a&nbsp;na vazby mezi spekulativn\u00edm designem a&nbsp;spole\u010densk\u00fdmi inovacemi. T\u0159et\u00ed porotcovsk\u00e9 k\u0159eslo obsad\u00ed <strong>Karol\u00edna Menclerov\u00e1<\/strong>, kter\u00e1 propojuje v\u00fdzkum, design a&nbsp;zapojen\u00ed lid\u00ed do design\u00e9rsk\u00e9ho procesu. V\u011b\u0159\u00ed, \u017ee service design vznik\u00e1 v&nbsp;dialogu, kdy\u017e se lid\u00e9 mohou zapojit, sd\u00edlet zku\u0161enosti a&nbsp;spole\u010dn\u011b hledat, jak slu\u017eby zlep\u0161ovat. Aktu\u00e1ln\u011b p\u016fsob\u00ed na Masarykov\u011b univerzit\u011b, kde se pod\u00edl\u00ed na v\u00fdvoji \u010desk\u00e9 n\u00e1rodn\u00ed datov\u00e9 infrastruktury v&nbsp;r\u00e1mci projektu EOSC CZ, a&nbsp;kde jako UX v\u00fdzkumnice podporuje tvorbu syst\u00e9m\u016f pro spr\u00e1vu a&nbsp;sd\u00edlen\u00ed v\u011bdeck\u00fdch dat.<\/p>\n\n\n\n<figure class=\"wp-block-gallery has-nested-images columns-default is-cropped wp-block-gallery-4 is-layout-flex wp-block-gallery-is-layout-flex\">\n<figure class=\"wp-block-image size-large\"><img loading=\"lazy\" decoding=\"async\" width=\"750\" height=\"640\" data-id=\"35822\" src=\"https:\/\/zlindesignweek.com\/2026\/wp-content\/uploads\/2025\/12\/ser-matej-kaninsky-e1765560252372-750x640.jpg\" alt=\"\" class=\"wp-image-35822\" srcset=\"https:\/\/zlindesignweek.com\/2026\/wp-content\/uploads\/2025\/12\/ser-matej-kaninsky-e1765560252372-750x640.jpg 750w, https:\/\/zlindesignweek.com\/2026\/wp-content\/uploads\/2025\/12\/ser-matej-kaninsky-e1765560252372-500x426.jpg 500w, https:\/\/zlindesignweek.com\/2026\/wp-content\/uploads\/2025\/12\/ser-matej-kaninsky-e1765560252372-768x655.jpg 768w, https:\/\/zlindesignweek.com\/2026\/wp-content\/uploads\/2025\/12\/ser-matej-kaninsky-e1765560252372-250x213.jpg 250w, https:\/\/zlindesignweek.com\/2026\/wp-content\/uploads\/2025\/12\/ser-matej-kaninsky-e1765560252372.jpg 938w\" sizes=\"auto, (max-width: 750px) 100vw, 750px\" \/><figcaption class=\"wp-element-caption\"><strong>Mat\u011bj K\u00e1ninsk\u00fd<\/strong><\/figcaption><\/figure>\n\n\n\n<figure class=\"wp-block-image size-large\"><img loading=\"lazy\" decoding=\"async\" width=\"750\" height=\"1125\" data-id=\"35823\" src=\"https:\/\/zlindesignweek.com\/2026\/wp-content\/uploads\/2025\/12\/ser-janka-csernak-750x1125.jpg\" alt=\"\" class=\"wp-image-35823\" srcset=\"https:\/\/zlindesignweek.com\/2026\/wp-content\/uploads\/2025\/12\/ser-janka-csernak-750x1125.jpg 750w, https:\/\/zlindesignweek.com\/2026\/wp-content\/uploads\/2025\/12\/ser-janka-csernak-500x750.jpg 500w, https:\/\/zlindesignweek.com\/2026\/wp-content\/uploads\/2025\/12\/ser-janka-csernak-768x1152.jpg 768w, https:\/\/zlindesignweek.com\/2026\/wp-content\/uploads\/2025\/12\/ser-janka-csernak-1024x1536.jpg 1024w, https:\/\/zlindesignweek.com\/2026\/wp-content\/uploads\/2025\/12\/ser-janka-csernak-1365x2048.jpg 1365w, https:\/\/zlindesignweek.com\/2026\/wp-content\/uploads\/2025\/12\/ser-janka-csernak-250x375.jpg 250w, https:\/\/zlindesignweek.com\/2026\/wp-content\/uploads\/2025\/12\/ser-janka-csernak.jpg 1440w\" sizes=\"auto, (max-width: 750px) 100vw, 750px\" \/><figcaption class=\"wp-element-caption\"><strong>Janka Csern\u00e1k<\/strong><\/figcaption><\/figure>\n\n\n\n<figure class=\"wp-block-image size-large\"><img loading=\"lazy\" decoding=\"async\" width=\"750\" height=\"1156\" data-id=\"35824\" src=\"https:\/\/zlindesignweek.com\/2026\/wp-content\/uploads\/2025\/12\/ser-karolina-menclerova-750x1156.jpg\" alt=\"\" class=\"wp-image-35824\" srcset=\"https:\/\/zlindesignweek.com\/2026\/wp-content\/uploads\/2025\/12\/ser-karolina-menclerova-750x1156.jpg 750w, https:\/\/zlindesignweek.com\/2026\/wp-content\/uploads\/2025\/12\/ser-karolina-menclerova-500x771.jpg 500w, https:\/\/zlindesignweek.com\/2026\/wp-content\/uploads\/2025\/12\/ser-karolina-menclerova-768x1183.jpg 768w, https:\/\/zlindesignweek.com\/2026\/wp-content\/uploads\/2025\/12\/ser-karolina-menclerova-997x1536.jpg 997w, https:\/\/zlindesignweek.com\/2026\/wp-content\/uploads\/2025\/12\/ser-karolina-menclerova-250x385.jpg 250w, https:\/\/zlindesignweek.com\/2026\/wp-content\/uploads\/2025\/12\/ser-karolina-menclerova.jpg 1329w\" sizes=\"auto, (max-width: 750px) 100vw, 750px\" \/><figcaption class=\"wp-element-caption\"><strong>Karol\u00edna Menclerov\u00e1<\/strong><\/figcaption><\/figure>\n<\/figure>\n\n\n\n<h4 class=\"wp-block-heading\"><strong>Bonusov\u00e1 kategorie Media Award<\/strong><\/h4>\n\n\n\n<p>Cenu Media Award p\u0159ed\u00e1 speci\u00e1ln\u00ed porota ji\u017e pop\u00e1t\u00e9. O&nbsp;vyhodnocen\u00ed kategorie letos bude rozhodovat <strong>Veronika Pa\u0159\u00edzkov\u00e1<\/strong>, <strong>Michaela Banzetov\u00e1<\/strong> a&nbsp;<strong>Jan Kudl\u00e1\u010dek<\/strong>. Veronika Pa\u0159\u00edzkov\u00e1 zalo\u017eila designov\u00fd magaz\u00edn DesignNews. P\u0159edt\u00edm sedm let&nbsp; st\u00e1la v&nbsp;\u010dele online magaz\u00edn Czechdesign.cz, kter\u00fd pod jej\u00edm veden\u00edm z\u00edskal silnou pozici na medi\u00e1ln\u00edm trhu. Michaela Banzetov\u00e1 je autorkou knih, kter\u00e9 se v\u011bnuj\u00ed um\u011bleck\u00e9mu provozu. Spolupracovala s&nbsp;n\u011bkolika soukrom\u00fdmi galeriemi a&nbsp;st\u00e1tn\u00edmi institucemi v&nbsp;\u010cR i&nbsp;zahrani\u010d\u00ed. Pravideln\u011b publikuje v&nbsp;um\u011bleck\u00fdch periodik\u00e1ch jako nap\u0159\u00edklad NN Magaz\u00edn nebo port\u00e1l \u010cT art. Jan Kudl\u00e1\u010dek&nbsp; je spoluzakladatelem magaz\u00ednu NEXUSMAG, kter\u00fd se b\u011bhem kr\u00e1tk\u00e9 doby stal v\u00fdrazn\u00fdm hr\u00e1\u010dem. P\u0159ed zalo\u017een\u00edm magaz\u00ednu p\u016fsobil v&nbsp;mezin\u00e1rodn\u00edch startupech na kreativn\u00edch a&nbsp;marketingov\u00fdch pozic\u00edch.<\/p>\n\n\n\n<figure class=\"wp-block-gallery has-nested-images columns-default is-cropped wp-block-gallery-5 is-layout-flex wp-block-gallery-is-layout-flex\">\n<figure class=\"wp-block-image size-large\"><img loading=\"lazy\" decoding=\"async\" width=\"750\" height=\"501\" data-id=\"35825\" src=\"https:\/\/zlindesignweek.com\/2026\/wp-content\/uploads\/2025\/12\/med-veronika-parizkova-750x501.jpg\" alt=\"\" class=\"wp-image-35825\" srcset=\"https:\/\/zlindesignweek.com\/2026\/wp-content\/uploads\/2025\/12\/med-veronika-parizkova-750x501.jpg 750w, https:\/\/zlindesignweek.com\/2026\/wp-content\/uploads\/2025\/12\/med-veronika-parizkova-500x334.jpg 500w, https:\/\/zlindesignweek.com\/2026\/wp-content\/uploads\/2025\/12\/med-veronika-parizkova-768x513.jpg 768w, https:\/\/zlindesignweek.com\/2026\/wp-content\/uploads\/2025\/12\/med-veronika-parizkova-250x167.jpg 250w, https:\/\/zlindesignweek.com\/2026\/wp-content\/uploads\/2025\/12\/med-veronika-parizkova.jpg 1440w\" sizes=\"auto, (max-width: 750px) 100vw, 750px\" \/><figcaption class=\"wp-element-caption\"><strong>Veronika Pa\u0159\u00edzkov\u00e1<\/strong><\/figcaption><\/figure>\n\n\n\n<figure class=\"wp-block-image size-large\"><img loading=\"lazy\" decoding=\"async\" width=\"750\" height=\"1125\" data-id=\"35826\" src=\"https:\/\/zlindesignweek.com\/2026\/wp-content\/uploads\/2025\/12\/med-michaela-banzetova-750x1125.jpg\" alt=\"\" class=\"wp-image-35826\" srcset=\"https:\/\/zlindesignweek.com\/2026\/wp-content\/uploads\/2025\/12\/med-michaela-banzetova-750x1125.jpg 750w, https:\/\/zlindesignweek.com\/2026\/wp-content\/uploads\/2025\/12\/med-michaela-banzetova-500x750.jpg 500w, https:\/\/zlindesignweek.com\/2026\/wp-content\/uploads\/2025\/12\/med-michaela-banzetova-768x1152.jpg 768w, https:\/\/zlindesignweek.com\/2026\/wp-content\/uploads\/2025\/12\/med-michaela-banzetova-1024x1536.jpg 1024w, https:\/\/zlindesignweek.com\/2026\/wp-content\/uploads\/2025\/12\/med-michaela-banzetova-1365x2048.jpg 1365w, https:\/\/zlindesignweek.com\/2026\/wp-content\/uploads\/2025\/12\/med-michaela-banzetova-1440x2160.jpg 1440w, https:\/\/zlindesignweek.com\/2026\/wp-content\/uploads\/2025\/12\/med-michaela-banzetova-250x375.jpg 250w, https:\/\/zlindesignweek.com\/2026\/wp-content\/uploads\/2025\/12\/med-michaela-banzetova-scaled.jpg 1707w\" sizes=\"auto, (max-width: 750px) 100vw, 750px\" \/><figcaption class=\"wp-element-caption\"><strong>Michaela Banzetov\u00e1<\/strong><\/figcaption><\/figure>\n\n\n\n<figure class=\"wp-block-image size-large\"><img loading=\"lazy\" decoding=\"async\" width=\"560\" height=\"667\" data-id=\"35827\" src=\"https:\/\/zlindesignweek.com\/2026\/wp-content\/uploads\/2025\/12\/med-jan-kudlacek.jpg\" alt=\"\" class=\"wp-image-35827\" srcset=\"https:\/\/zlindesignweek.com\/2026\/wp-content\/uploads\/2025\/12\/med-jan-kudlacek.jpg 560w, https:\/\/zlindesignweek.com\/2026\/wp-content\/uploads\/2025\/12\/med-jan-kudlacek-500x596.jpg 500w, https:\/\/zlindesignweek.com\/2026\/wp-content\/uploads\/2025\/12\/med-jan-kudlacek-250x298.jpg 250w\" sizes=\"auto, (max-width: 560px) 100vw, 560px\" \/><figcaption class=\"wp-element-caption\"><strong>Jan Kudl\u00e1\u010dek<\/strong><\/figcaption><\/figure>\n<\/figure>\n\n\n\n<p><\/p>\n","protected":false},"excerpt":{"rendered":"Tv\u016frce 3D vizu\u00e1l\u016f Dan Zucco, oce\u0148ovan\u00e1 produktov\u00e1 design\u00e9rka Anna Mare\u0161ov\u00e1, \u010di&nbsp;m\u00f3dn\u00ed inov\u00e1tor Milan Flori\u00e1n Fl\u00ed\u010dek, zn\u00e1m\u00fd pro sv\u016fj aktivistick\u00fd p\u0159\u00edstup k&nbsp;tvorb\u011b \u2014 to jsou porotci [&hellip;]","protected":false},"author":52,"featured_media":35828,"comment_status":"closed","ping_status":"closed","sticky":false,"template":"","format":"standard","meta":{"_acf_changed":false,"footnotes":""},"categories":[1],"class_list":["post-35813","post","type-post","status-publish","format-standard","has-post-thumbnail","hentry","category-blog"],"acf":[],"_links":{"self":[{"href":"https:\/\/zlindesignweek.com\/2026\/wp-json\/wp\/v2\/posts\/35813","targetHints":{"allow":["GET"]}}],"collection":[{"href":"https:\/\/zlindesignweek.com\/2026\/wp-json\/wp\/v2\/posts"}],"about":[{"href":"https:\/\/zlindesignweek.com\/2026\/wp-json\/wp\/v2\/types\/post"}],"author":[{"embeddable":true,"href":"https:\/\/zlindesignweek.com\/2026\/wp-json\/wp\/v2\/users\/52"}],"replies":[{"embeddable":true,"href":"https:\/\/zlindesignweek.com\/2026\/wp-json\/wp\/v2\/comments?post=35813"}],"version-history":[{"count":3,"href":"https:\/\/zlindesignweek.com\/2026\/wp-json\/wp\/v2\/posts\/35813\/revisions"}],"predecessor-version":[{"id":35941,"href":"https:\/\/zlindesignweek.com\/2026\/wp-json\/wp\/v2\/posts\/35813\/revisions\/35941"}],"wp:featuredmedia":[{"embeddable":true,"href":"https:\/\/zlindesignweek.com\/2026\/wp-json\/wp\/v2\/media\/35828"}],"wp:attachment":[{"href":"https:\/\/zlindesignweek.com\/2026\/wp-json\/wp\/v2\/media?parent=35813"}],"wp:term":[{"taxonomy":"category","embeddable":true,"href":"https:\/\/zlindesignweek.com\/2026\/wp-json\/wp\/v2\/categories?post=35813"}],"curies":[{"name":"wp","href":"https:\/\/api.w.org\/{rel}","templated":true}]}}