{"id":30655,"date":"2025-01-25T20:11:46","date_gmt":"2025-01-25T19:11:46","guid":{"rendered":"https:\/\/zlindesignweek.com\/2026\/?p=30655"},"modified":"2025-12-01T22:23:18","modified_gmt":"2025-12-01T21:23:18","slug":"od-vitazstva-minuleho-rocnika-sutaze-best-in-design-az-k-jej-porotcovi","status":"publish","type":"post","link":"https:\/\/zlindesignweek.com\/2026\/2025\/01\/25\/od-vitazstva-minuleho-rocnika-sutaze-best-in-design-az-k-jej-porotcovi\/","title":{"rendered":"Od v\u00ed\u0165azstva minul\u00e9ho ro\u010dn\u00edka s\u00fa\u0165a\u017ee Best in Design a\u017e k&nbsp;jej porotcovi"},"content":{"rendered":"\n<p>Po minuloro\u010dnom v\u00ed\u0165azstve v&nbsp;prest\u00ed\u017enej dizajn\u00e9rskej s\u00fa\u0165a\u017ei Best in Design (BiD) sa po\u013esk\u00fd<a href=\"https:\/\/zlindesignweek.com\/2026\/porotce\/marek-kuzminski\/\"> dizajn\u00e9r Marek Ku\u017ami\u0144ski<\/a><strong> <\/strong>pripravuje na nov\u00fa \u00falohu, v&nbsp;ktorej si vymen\u00ed strany a&nbsp;ako porotca bude hodnoti\u0165 projekty dizajn\u00e9rov z&nbsp;cel\u00e9ho sveta. V&nbsp;rozhovore sa podelil o&nbsp;to, ako sa jeho cesta vyv\u00edjala, \u010do&nbsp;pre\u0148ho znamen\u00e1 v\u00fdhra a&nbsp;\u010do&nbsp;od dizajn\u00e9rov o\u010dak\u00e1va v&nbsp;tomto ro\u010dn\u00edku s\u00fa\u0165a\u017ee. Z\u00e1rove\u0148 n\u00e1m odhalil, na \u010do&nbsp;sa najviac te\u0161\u00ed a&nbsp;ak\u00e9 rady by dal t\u00fdm, ktor\u00ed sa tento rok uch\u00e1dzaj\u00fa o&nbsp;toto ocenenie.<\/p>\n\n\n\n<figure class=\"wp-block-gallery has-nested-images columns-default is-cropped wp-block-gallery-1 is-layout-flex wp-block-gallery-is-layout-flex\">\n<figure class=\"wp-block-image size-large\"><img loading=\"lazy\" decoding=\"async\" width=\"750\" height=\"937\" data-id=\"30677\" src=\"https:\/\/zlindesignweek.com\/2026\/wp-content\/uploads\/2024\/11\/marek-kuzminski-1-750x937.jpg\" alt=\"\" class=\"wp-image-30677\" srcset=\"https:\/\/zlindesignweek.com\/2026\/wp-content\/uploads\/2024\/11\/marek-kuzminski-1-750x937.jpg 750w, https:\/\/zlindesignweek.com\/2026\/wp-content\/uploads\/2024\/11\/marek-kuzminski-1-500x625.jpg 500w, https:\/\/zlindesignweek.com\/2026\/wp-content\/uploads\/2024\/11\/marek-kuzminski-1-768x960.jpg 768w, https:\/\/zlindesignweek.com\/2026\/wp-content\/uploads\/2024\/11\/marek-kuzminski-1-1229x1536.jpg 1229w, https:\/\/zlindesignweek.com\/2026\/wp-content\/uploads\/2024\/11\/marek-kuzminski-1-1639x2048.jpg 1639w, https:\/\/zlindesignweek.com\/2026\/wp-content\/uploads\/2024\/11\/marek-kuzminski-1-1440x1800.jpg 1440w, https:\/\/zlindesignweek.com\/2026\/wp-content\/uploads\/2024\/11\/marek-kuzminski-1-250x312.jpg 250w, https:\/\/zlindesignweek.com\/2026\/wp-content\/uploads\/2024\/11\/marek-kuzminski-1-scaled.jpg 2048w\" sizes=\"auto, (max-width: 750px) 100vw, 750px\" \/><\/figure>\n<\/figure>\n\n\n\n<h4 class=\"wp-block-heading\"><strong>Ako sa V\u00e1m zmenil \u017eivot, ke\u010f sa pozriete na svoju cestu od minuloro\u010dn\u00e9ho v\u00ed\u0165azstva a\u017e po&nbsp;tento rok, ke\u010f budete s\u00fa\u010das\u0165ou poroty?<\/strong><\/h4>\n\n\n\n<p>Moje minuloro\u010dn\u00e9 v\u00ed\u0165azstvo nejako radik\u00e1lne nezmenilo moju ka\u017edodenn\u00fa rutinu, ale ovplyvnilo moje zameranie. Zatia\u013e \u010do&nbsp;st\u00e1le pracujem na svojich dizajn\u00e9rskych projektoch, ned\u00e1vno som sa posunul viac smerom k&nbsp;v\u00fdskumu, \u010do&nbsp;bolo neuverite\u013ene obohacuj\u00face. V\u00ed\u0165azstvo s&nbsp;moj\u00edm projektom \u201eRuky hore\u201c mi dalo pocit valid\u00e1cie \u2013 vyvolalo n\u00e1dej a&nbsp;motivovalo ma pos\u00fava\u0165 hranice mojej pr\u00e1ce.<\/p>\n\n\n\n<p>Pr\u00e1ve teraz dokon\u010dujem v\u00fdskumn\u00fa cestu v&nbsp;Indii a&nbsp;Nep\u00e1le, kde som sk\u00famal spolo\u010densk\u00e9 perspekt\u00edvy det\u00ed so zdravotn\u00fdm postihnut\u00edm a&nbsp;kritick\u00fa \u00falohu organiz\u00e1ci\u00ed pri podpore t\u00fdchto det\u00ed. Tieto sk\u00fasenosti preh\u013abili moje ch\u00e1panie glob\u00e1lneho kontextu dizajnu a&nbsp;som nad\u0161en\u00fd, \u017ee m\u00f4\u017eem t\u00fato perspekt\u00edvu vnies\u0165 do mojej \u00falohy \u010dlena poroty.<\/p>\n\n\n\n<h4 class=\"wp-block-heading\"><strong>\u010co V\u00e1m osobne \u00fa\u010das\u0165 a&nbsp;samotn\u00e1 v\u00fdhra v&nbsp;s\u00fa\u0165a\u017ei dali?<\/strong><\/h4>\n\n\n\n<p>V\u00ed\u0165azstvo v&nbsp;s\u00fa\u0165a\u017ei bolo skuto\u010dn\u00fdm z\u00e1\u017eitkom. Dalo mi to nepopierate\u013en\u00fd d\u00f4kaz, \u017ee soci\u00e1lny dizajn zohr\u00e1va v\u00fdznamn\u00fa \u00falohu v&nbsp;dne\u0161nom r\u00fdchlo sa vyv\u00edjaj\u00facom svete. Umo\u017enilo mi to uveri\u0165 v&nbsp;nevyhnutnos\u0165 projektov, ktor\u00e9 premos\u0165uj\u00fa priepas\u0165 medzi \u013eu\u010fmi a&nbsp;organiz\u00e1ciami, a&nbsp;umiest\u0148uj\u00fa dizajn\u00e9rov ako sprostredkovate\u013eov zmyslupln\u00fdch zmien.<\/p>\n\n\n\n<p>Toto uznanie tie\u017e poh\u00e1\u0148alo moju energiu a&nbsp;odhodlanie pokra\u010dova\u0165 v&nbsp;p\u00f4sobivej pr\u00e1ci a&nbsp;uk\u00e1zalo mi, \u017ee dobr\u00fd dizajn nie je len o&nbsp;estetike, ale aj o&nbsp;rie\u0161en\u00ed v\u00fdziev skuto\u010dn\u00e9ho sveta.<\/p>\n\n\n\n<h4 class=\"wp-block-heading\"><strong>Pripravujete sa nejako \u0161peci\u00e1lne na rolu porotcu? Ak \u00e1no, ako?<\/strong><\/h4>\n\n\n\n<p>Absol\u00fatne! Za posledn\u00fd rok som akt\u00edvne sledoval trendy a&nbsp;t\u00e9my, ktor\u00e9 rezonuj\u00fa u&nbsp;za\u010d\u00ednaj\u00facich dizajn\u00e9rov. Z\u00fa\u010dastnil som sa aj konferencie Universal Design Conference \u2013 UD2024, kde som sledoval poh\u013eady na univerz\u00e1lny dizajn naprie\u010d r\u00f4znymi discipl\u00ednami od vzdel\u00e1vania, architekt\u00fary a\u017e po&nbsp;soci\u00e1lne \u0161t\u00fadi\u00e1.<\/p>\n\n\n\n<h4 class=\"wp-block-heading\"><strong>Ak\u00e9 s\u00fa najd\u00f4le\u017eitej\u0161ie faktory, ktor\u00e9 budete zoh\u013ead\u0148ova\u0165 pri hodnoten\u00ed ako porotca?<\/strong><\/h4>\n\n\n\n<p>Za ka\u017ed\u00fdm projektom je pr\u00edbeh a&nbsp;to je to, \u010do&nbsp;chcem odhali\u0165. Zameriam sa na to, \u010do&nbsp;prin\u00fatilo ka\u017ed\u00e9ho dizajn\u00e9ra vybra\u0165 si konkr\u00e9tnu t\u00e9mu, \u010do&nbsp;ho motivovalo po\u010das cel\u00e9ho procesu a&nbsp;ako pristupoval k&nbsp;v\u00fdzvam.<\/p>\n\n\n\n<p>Pre m\u0148a to nie je len o&nbsp;kone\u010dnom produkte, ale o&nbsp;ceste, ktor\u00e1 k&nbsp;nemu viedla. Zauj\u00edma ma, ako hodnoty dizajn\u00e9rov, kreativita a&nbsp;schopnosti rie\u0161i\u0165 probl\u00e9my vy\u017earuj\u00fa z&nbsp;ich pr\u00e1ce.<\/p>\n\n\n\n<h4 class=\"wp-block-heading\"><strong>Na \u010do&nbsp;sa najviac te\u0161\u00edte v&nbsp;tomto ro\u010dn\u00edku?<\/strong><\/h4>\n\n\n\n<p>BiD ma v\u017edy prekvap\u00ed t\u00fdmi najlep\u0161\u00edmi mo\u017en\u00fdmi sp\u00f4sobmi. T\u00edm, ktor\u00fd za t\u00fdm stoj\u00ed, je mlad\u00fd, energick\u00fd a&nbsp;prekypuj\u00faci kreativitou a&nbsp;viem, \u017ee aj tento rok prines\u00fa nezabudnute\u013en\u00fd z\u00e1\u017eitok.<\/p>\n\n\n\n<p>Obzvl\u00e1\u0161\u0165 sa te\u0161\u00edm na spojenie s&nbsp;organiza\u010dn\u00fdm t\u00edmom, ostatn\u00fdmi porotcami a&nbsp;minuloro\u010dn\u00fdmi v\u00ed\u0165azmi. Samozrejme, nem\u00f4\u017eem sa do\u010dka\u0165, a\u017e uvid\u00edm z\u00e1znamy \u2013 na objavovan\u00ed pr\u00edbehov a&nbsp;v\u00edzi\u00ed dizajn\u00e9rov z&nbsp;cel\u00e9ho sveta je nie\u010do in\u0161piruj\u00face.<\/p>\n\n\n\n<p>A pre pobavenie &#8211; ve\u013emi sa te\u0161\u00edm, ke\u010f si op\u00e4\u0165 vychutn\u00e1m sma\u017een\u00fd syr!<br><\/p>\n\n\n\n<h4 class=\"wp-block-heading\"><strong>Je nie\u010do, \u010do&nbsp;by ste urobili tento rok inak, keby znovu s\u00fa\u0165a\u017e\u00edte?<\/strong><\/h4>\n\n\n\n<p>Ako dizajn\u00e9r v\u017edy uva\u017eujem o&nbsp;tom, ako sa m\u00f4\u017eem zlep\u0161i\u0165, a&nbsp;ka\u017ed\u00fd projekt ma nau\u010d\u00ed nie\u010do nov\u00e9. Ak by som tento rok s\u00fa\u0165a\u017eil, kl\u00e1dol by som v\u00e4\u010d\u0161\u00ed d\u00f4raz na svoju digit\u00e1lnu prezent\u00e1ciu a&nbsp;vizu\u00e1lne materi\u00e1ly \u2013 to s\u00fa \u010dasto prv\u00e9 veci, ktor\u00e9 sprostredkuj\u00fa va\u0161e n\u00e1pady ostatn\u00fdm.<\/p>\n\n\n\n<p>Samozrejme, ka\u017ed\u00fd projekt prich\u00e1dza s&nbsp;v\u00fdzvami, \u010di&nbsp;u\u017e ide o&nbsp;\u010das, rozpo\u010det alebo stres. Ale ver\u00edm, \u017ee je to s\u00fa\u010das\u0165 tvorivej cesty. A&nbsp;povedzme si \u00faprimne, existuje nejak\u00fd dizajn\u00e9r, ktor\u00fd by na svojej pr\u00e1ci nie\u010do nezmenil alebo nevylep\u0161il, ak by bola pr\u00edle\u017eitos\u0165? To je tie\u017e s\u00fa\u010das\u0165ou sebarozvoja, aby ste sa stali lep\u0161\u00edm dizajn\u00e9rom.<\/p>\n\n\n\n<h4 class=\"wp-block-heading\"><strong>Ak\u00e9 rady by ste dali \u00fa\u010dastn\u00edkom, ktor\u00ed sa uch\u00e1dzaj\u00fa o&nbsp;v\u00fdhru tento rok, aby mali \u010do&nbsp;najv\u00e4\u010d\u0161iu \u0161ancu na \u00faspech?<\/strong><\/h4>\n\n\n\n<p>Zosta\u0148te vern\u00ed sebe a&nbsp;svojej v\u00edzii dizajnu. Nezab\u00fadajte, odkia\u013e poch\u00e1dzate alebo \u010do&nbsp;v\u00e1s poh\u00e1\u0148a. Autenticita je jednou z&nbsp;najcennej\u0161\u00edch vlastnost\u00ed, ktor\u00e9 m\u00f4\u017ee dizajn\u00e9r ma\u0165.<\/p>\n\n\n\n<p>T\u00e1to s\u00fa\u0165a\u017e je br\u00e1nou k&nbsp;neuverite\u013en\u00fdm pr\u00edle\u017eitostiam \u2013 u\u010di\u0165 sa, r\u00e1s\u0165 a&nbsp;sp\u00e1ja\u0165 sa s&nbsp;in\u00fdmi tvoriv\u00fdmi mozgami. Vyu\u017eite pr\u00edle\u017eitos\u0165 nadviaza\u0165 kontakt, zdie\u013ea\u0165 n\u00e1pady a&nbsp;ponori\u0165 sa do z\u00e1\u017eitku. BiD je viac ako s\u00fa\u0165a\u017e; je to oslava kreativity a&nbsp;spolupr\u00e1ce.<\/p>\n\n\n\n<h4 class=\"wp-block-heading\"><strong>M\u00f4\u017eete n\u00e1m prezradi\u0165, na \u010dom aktu\u00e1lne pracujete alebo \u010do&nbsp;chyst\u00e1te?<\/strong><\/h4>\n\n\n\n<p>Pr\u00e1ve teraz kon\u010d\u00edm obohacuj\u00facu v\u00fdskumn\u00fa cestu do Indie a&nbsp;Nep\u00e1lu. T\u00e1to cesta bola pre m\u0148a zlomov\u00fdm bodom \u2013 umo\u017enila mi vidie\u0165 svet inou optikou a&nbsp;in\u0161pirovala n\u00e1pady pre bud\u00face projekty.<\/p>\n\n\n\n<h4 class=\"wp-block-heading\"><strong>Je nie\u010do, \u010do&nbsp;by ste na z\u00e1ver \u010ditate\u013eom rady odk\u00e1zali?<\/strong><\/h4>\n\n\n\n<p>Bu\u010fte zvedav\u00ed na svet okolo v\u00e1s. Zosta\u0148te otvoren\u00ed a&nbsp;u\u010dte sa z&nbsp;ka\u017edej sk\u00fasenosti. Definujte svoje hodnoty a&nbsp;ciele a&nbsp;nechajte ich vies\u0165 va\u0161u pr\u00e1cu a&nbsp;\u017eivot. A&nbsp;hlavne bu\u010fte l\u00e1skav\u00fd. Dizajn m\u00e1 moc formova\u0165 lep\u0161\u00ed svet \u2013 tak vyu\u017eite svoju kreativitu na zmenu.<\/p>\n","protected":false},"excerpt":{"rendered":"Po minuloro\u010dnom v\u00ed\u0165azstve v&nbsp;prest\u00ed\u017enej dizajn\u00e9rskej s\u00fa\u0165a\u017ei Best in Design (BiD) sa po\u013esk\u00fd dizajn\u00e9r Marek Ku\u017ami\u0144ski pripravuje na nov\u00fa \u00falohu, v&nbsp;ktorej si vymen\u00ed strany a&nbsp;ako porotca [&hellip;]","protected":false},"author":51,"featured_media":29025,"comment_status":"closed","ping_status":"closed","sticky":false,"template":"","format":"standard","meta":{"_acf_changed":false,"footnotes":""},"categories":[1],"class_list":["post-30655","post","type-post","status-publish","format-standard","has-post-thumbnail","hentry","category-blog"],"acf":[],"_links":{"self":[{"href":"https:\/\/zlindesignweek.com\/2026\/wp-json\/wp\/v2\/posts\/30655","targetHints":{"allow":["GET"]}}],"collection":[{"href":"https:\/\/zlindesignweek.com\/2026\/wp-json\/wp\/v2\/posts"}],"about":[{"href":"https:\/\/zlindesignweek.com\/2026\/wp-json\/wp\/v2\/types\/post"}],"author":[{"embeddable":true,"href":"https:\/\/zlindesignweek.com\/2026\/wp-json\/wp\/v2\/users\/51"}],"replies":[{"embeddable":true,"href":"https:\/\/zlindesignweek.com\/2026\/wp-json\/wp\/v2\/comments?post=30655"}],"version-history":[{"count":3,"href":"https:\/\/zlindesignweek.com\/2026\/wp-json\/wp\/v2\/posts\/30655\/revisions"}],"predecessor-version":[{"id":35698,"href":"https:\/\/zlindesignweek.com\/2026\/wp-json\/wp\/v2\/posts\/30655\/revisions\/35698"}],"wp:featuredmedia":[{"embeddable":true,"href":"https:\/\/zlindesignweek.com\/2026\/wp-json\/wp\/v2\/media\/29025"}],"wp:attachment":[{"href":"https:\/\/zlindesignweek.com\/2026\/wp-json\/wp\/v2\/media?parent=30655"}],"wp:term":[{"taxonomy":"category","embeddable":true,"href":"https:\/\/zlindesignweek.com\/2026\/wp-json\/wp\/v2\/categories?post=30655"}],"curies":[{"name":"wp","href":"https:\/\/api.w.org\/{rel}","templated":true}]}}